{"id":1553,"date":"2021-12-21T09:15:03","date_gmt":"2021-12-21T08:15:03","guid":{"rendered":"https:\/\/www.illiade-formation.fr\/dylan\/?p=1553"},"modified":"2025-01-29T11:34:50","modified_gmt":"2025-01-29T10:34:50","slug":"formation-tremplin-carriere","status":"publish","type":"post","link":"https:\/\/www.illiade-formation.fr\/fr\/formation-tremplin-carriere\/","title":{"rendered":"Tremplin Carri\u00e8re"},"content":{"rendered":"\n<div style=\"height:100px\" aria-hidden=\"true\" class=\"wp-block-spacer\"><\/div>\n\n\n\n<div class=\"wp-block-group has-background\" style=\"background-color:#f5f7f8\"><div class=\"wp-block-group__inner-container is-layout-flow wp-block-group-is-layout-flow\">\n<h4 class=\"wp-block-heading has-colibri-color-6-color has-text-color\" id=\"pour-quel-public\"><strong>Pour quel public + Pr\u00e9requis ?<\/strong><\/h4>\n\n\n\n<ul class=\"has-colibri-color-6-color has-text-color wp-block-list\">\n<li>Vous \u00eates demandeur d\u2019emploi et inscrit \u00e0 P\u00f4le Emploi et vous souhaitez construire un projet professionnel<\/li>\n\n\n\n<li>Vous avez 50 ans ou plus<\/li>\n\n\n\n<li>Votre projet professionnel ou objectif d\u2019emploi est clair et d\u00e9fini<\/li>\n\n\n\n<li>Vous \u00eates volontaire pour participer \u00e0 la prestation<\/li>\n<\/ul>\n\n\n\n<div style=\"height:30px\" aria-hidden=\"true\" class=\"wp-block-spacer\"><\/div>\n\n\n\n<h4 class=\"wp-block-heading\" id=\"combien-de-temps-dure-la-prestation\"><strong>Combien de temps dure la prestation ?<\/strong><\/h4>\n\n\n\n<p class=\"has-colibri-color-6-color has-text-color\">90 jours calendaires \u00e0 compter de la date de l\u2019entretien de diagnostic et de contractualisation<\/p>\n\n\n\n<div style=\"height:30px\" aria-hidden=\"true\" class=\"wp-block-spacer\"><\/div>\n\n\n\n<h4 class=\"wp-block-heading\" id=\"quels-sont-les-objectifs-de-la-prestation\"><strong>Quels sont les objectifs de la prestation ?<\/strong><\/h4>\n\n\n\n<ul class=\"has-colibri-color-6-color has-text-color wp-block-list\">\n<li>Vous aidez \u00e0 d\u00e9finir votre strat\u00e9gie de recherche d\u2019emploi et \u00e0 \u00e9laborer les outils adapt\u00e9s \u00e0 votre objectif d\u2019emploi et \u00e0 votre situation<\/li>\n\n\n\n<li>Vous accompagner pour retrouver un emploi<\/li>\n<\/ul>\n\n\n\n<div style=\"height:30px\" aria-hidden=\"true\" class=\"wp-block-spacer\"><\/div>\n\n\n\n<h4 class=\"wp-block-heading\" id=\"comment-se-deroule-la-prestation\"><strong>Comment se d\u00e9roule la prestation ?<\/strong><\/h4>\n\n\n\n<p class=\"has-colibri-color-6-color has-text-color\">La prestation \u00ab Tremplin carri\u00e8re\u00bb comporte 2 phases :<\/p>\n\n\n\n<ul class=\"has-colibri-color-6-color has-text-color wp-block-list\">\n<li>1\u00e8re phase de 4 semaines : \u00ab Elaborer sa strat\u00e9gie et ses outils de recherche d\u2019emploi\u00bb<\/li>\n\n\n\n<li>2\u00e8me phase de 8 semaines : \u00ab Mettre en \u0153uvre sa strat\u00e9gie et ses outils de recherche d\u2019emploi \u00bb.<\/li>\n\n\n\n<li>Elle d\u00e9bute par un entretien diagnostic<\/li>\n\n\n\n<li>Elle se cl\u00f4t par un entretien de bilan<\/li>\n<\/ul>\n\n\n\n<div style=\"height:30px\" aria-hidden=\"true\" class=\"wp-block-spacer\"><\/div>\n\n\n\n<h4 class=\"wp-block-heading has-colibri-color-6-color has-text-color\" id=\"ou-se-deroule-la-formations\"><strong>O\u00f9 se d\u00e9roule la prestation ? <\/strong><\/h4>\n\n\n\n<p class=\"has-colibri-color-6-color has-text-color\">La prestation se d\u00e9roule sur diff\u00e9rents sites : Montbrison , Saint-Etienne et Firminy<\/p>\n\n\n\n<h4 class=\"wp-block-heading\"><strong>Quel est le financement et par qui ?<\/strong><\/h4>\n\n\n\n<p class=\"has-colibri-color-6-color has-text-color\">La prestation est financ\u00e9e par P\u00f4le Emploi<\/p>\n<\/div><\/div>\n","protected":false},"excerpt":{"rendered":"<p>Pour quel public + Pr\u00e9requis ? Combien de temps dure la prestation ? 90 jours calendaires \u00e0 compter de la date de l\u2019entretien de diagnostic et de contractualisation Quels sont les objectifs de la prestation ? Comment se d\u00e9roule la prestation ? La prestation \u00ab Tremplin carri\u00e8re\u00bb comporte 2 phases : O\u00f9 se d\u00e9roule la [&hellip;]<\/p>\n","protected":false},"author":1,"featured_media":6723,"comment_status":"closed","ping_status":"open","sticky":false,"template":"","format":"standard","meta":{"footnotes":""},"categories":[5,3],"tags":[],"class_list":["post-1553","post","type-post","status-publish","format-standard","has-post-thumbnail","hentry","category-nos-formations-nos-formations","category-nos-formations"],"yoast_head":"<!-- This site is optimized with the Yoast SEO plugin v23.0 - https:\/\/yoast.com\/wordpress\/plugins\/seo\/ -->\n<title>Tremplin Carri\u00e8re - Illiade Formation<\/title>\n<meta name=\"robots\" content=\"index, follow, max-snippet:-1, max-image-preview:large, max-video-preview:-1\" \/>\n<link rel=\"canonical\" href=\"https:\/\/www.illiade-formation.fr\/fr\/formation-tremplin-carriere\/\" \/>\n<meta property=\"og:locale\" content=\"fr_FR\" \/>\n<meta property=\"og:type\" content=\"article\" \/>\n<meta property=\"og:title\" content=\"Tremplin Carri\u00e8re - Illiade Formation\" \/>\n<meta property=\"og:description\" content=\"Pour quel public + Pr\u00e9requis ? Combien de temps dure la prestation ? 90 jours calendaires \u00e0 compter de la date de l\u2019entretien de diagnostic et de contractualisation Quels sont les objectifs de la prestation ? Comment se d\u00e9roule la prestation ? La prestation \u00ab Tremplin carri\u00e8re\u00bb comporte 2 phases : O\u00f9 se d\u00e9roule la [&hellip;]\" \/>\n<meta property=\"og:url\" content=\"https:\/\/www.illiade-formation.fr\/fr\/formation-tremplin-carriere\/\" \/>\n<meta property=\"og:site_name\" content=\"Illiade Formation\" \/>\n<meta property=\"article:publisher\" content=\"https:\/\/www.facebook.com\/Illiadeformation42\" \/>\n<meta property=\"article:published_time\" content=\"2021-12-21T08:15:03+00:00\" \/>\n<meta property=\"article:modified_time\" content=\"2025-01-29T10:34:50+00:00\" \/>\n<meta property=\"og:image\" content=\"https:\/\/www.illiade-formation.fr\/fr\/wp-content\/uploads\/2021\/12\/Copie-de-Sans-titre-1.png\" \/>\n\t<meta property=\"og:image:width\" content=\"1200\" \/>\n\t<meta property=\"og:image:height\" content=\"800\" \/>\n\t<meta property=\"og:image:type\" content=\"image\/png\" \/>\n<meta name=\"author\" content=\"Illiade Formation\" \/>\n<meta name=\"twitter:card\" content=\"summary_large_image\" \/>\n<meta name=\"twitter:creator\" content=\"@illiadef\" \/>\n<meta name=\"twitter:site\" content=\"@illiadef\" \/>\n<meta name=\"twitter:label1\" content=\"\u00c9crit par\" \/>\n\t<meta name=\"twitter:data1\" content=\"Illiade Formation\" \/>\n\t<meta name=\"twitter:label2\" content=\"Dur\u00e9e de lecture estim\u00e9e\" \/>\n\t<meta name=\"twitter:data2\" content=\"2 minutes\" \/>\n<script type=\"application\/ld+json\" class=\"yoast-schema-graph\">{\"@context\":\"https:\/\/schema.org\",\"@graph\":[{\"@type\":\"Article\",\"@id\":\"https:\/\/www.illiade-formation.fr\/fr\/formation-tremplin-carriere\/#article\",\"isPartOf\":{\"@id\":\"https:\/\/www.illiade-formation.fr\/fr\/formation-tremplin-carriere\/\"},\"author\":{\"name\":\"Illiade Formation\",\"@id\":\"https:\/\/www.illiade-formation.fr\/fr\/#\/schema\/person\/29b693990af51ff406d62c4af39b7894\"},\"headline\":\"Tremplin Carri\u00e8re\",\"datePublished\":\"2021-12-21T08:15:03+00:00\",\"dateModified\":\"2025-01-29T10:34:50+00:00\",\"mainEntityOfPage\":{\"@id\":\"https:\/\/www.illiade-formation.fr\/fr\/formation-tremplin-carriere\/\"},\"wordCount\":202,\"publisher\":{\"@id\":\"https:\/\/www.illiade-formation.fr\/fr\/#organization\"},\"image\":{\"@id\":\"https:\/\/www.illiade-formation.fr\/fr\/formation-tremplin-carriere\/#primaryimage\"},\"thumbnailUrl\":\"https:\/\/www.illiade-formation.fr\/fr\/wp-content\/uploads\/2021\/12\/Copie-de-Sans-titre-1.png\",\"articleSection\":[\"Nos Formations\",\"Nos prestations\"],\"inLanguage\":\"fr-FR\"},{\"@type\":\"WebPage\",\"@id\":\"https:\/\/www.illiade-formation.fr\/fr\/formation-tremplin-carriere\/\",\"url\":\"https:\/\/www.illiade-formation.fr\/fr\/formation-tremplin-carriere\/\",\"name\":\"Tremplin Carri\u00e8re - Illiade Formation\",\"isPartOf\":{\"@id\":\"https:\/\/www.illiade-formation.fr\/fr\/#website\"},\"primaryImageOfPage\":{\"@id\":\"https:\/\/www.illiade-formation.fr\/fr\/formation-tremplin-carriere\/#primaryimage\"},\"image\":{\"@id\":\"https:\/\/www.illiade-formation.fr\/fr\/formation-tremplin-carriere\/#primaryimage\"},\"thumbnailUrl\":\"https:\/\/www.illiade-formation.fr\/fr\/wp-content\/uploads\/2021\/12\/Copie-de-Sans-titre-1.png\",\"datePublished\":\"2021-12-21T08:15:03+00:00\",\"dateModified\":\"2025-01-29T10:34:50+00:00\",\"breadcrumb\":{\"@id\":\"https:\/\/www.illiade-formation.fr\/fr\/formation-tremplin-carriere\/#breadcrumb\"},\"inLanguage\":\"fr-FR\",\"potentialAction\":[{\"@type\":\"ReadAction\",\"target\":[\"https:\/\/www.illiade-formation.fr\/fr\/formation-tremplin-carriere\/\"]}]},{\"@type\":\"ImageObject\",\"inLanguage\":\"fr-FR\",\"@id\":\"https:\/\/www.illiade-formation.fr\/fr\/formation-tremplin-carriere\/#primaryimage\",\"url\":\"https:\/\/www.illiade-formation.fr\/fr\/wp-content\/uploads\/2021\/12\/Copie-de-Sans-titre-1.png\",\"contentUrl\":\"https:\/\/www.illiade-formation.fr\/fr\/wp-content\/uploads\/2021\/12\/Copie-de-Sans-titre-1.png\",\"width\":1200,\"height\":800},{\"@type\":\"BreadcrumbList\",\"@id\":\"https:\/\/www.illiade-formation.fr\/fr\/formation-tremplin-carriere\/#breadcrumb\",\"itemListElement\":[{\"@type\":\"ListItem\",\"position\":1,\"name\":\"Accueil\",\"item\":\"https:\/\/www.illiade-formation.fr\/fr\/\"},{\"@type\":\"ListItem\",\"position\":2,\"name\":\"Tremplin Carri\u00e8re\"}]},{\"@type\":\"WebSite\",\"@id\":\"https:\/\/www.illiade-formation.fr\/fr\/#website\",\"url\":\"https:\/\/www.illiade-formation.fr\/fr\/\",\"name\":\"Illiade Formation\",\"description\":\"Ensemble, allons plus loin\",\"publisher\":{\"@id\":\"https:\/\/www.illiade-formation.fr\/fr\/#organization\"},\"potentialAction\":[{\"@type\":\"SearchAction\",\"target\":{\"@type\":\"EntryPoint\",\"urlTemplate\":\"https:\/\/www.illiade-formation.fr\/fr\/?s={search_term_string}\"},\"query-input\":\"required name=search_term_string\"}],\"inLanguage\":\"fr-FR\"},{\"@type\":\"Organization\",\"@id\":\"https:\/\/www.illiade-formation.fr\/fr\/#organization\",\"name\":\"Illiade Formation\",\"url\":\"https:\/\/www.illiade-formation.fr\/fr\/\",\"logo\":{\"@type\":\"ImageObject\",\"inLanguage\":\"fr-FR\",\"@id\":\"https:\/\/www.illiade-formation.fr\/fr\/#\/schema\/logo\/image\/\",\"url\":\"https:\/\/www.illiade-formation.fr\/fr\/wp-content\/uploads\/2022\/06\/Logo-250px.png\",\"contentUrl\":\"https:\/\/www.illiade-formation.fr\/fr\/wp-content\/uploads\/2022\/06\/Logo-250px.png\",\"width\":250,\"height\":250,\"caption\":\"Illiade Formation\"},\"image\":{\"@id\":\"https:\/\/www.illiade-formation.fr\/fr\/#\/schema\/logo\/image\/\"},\"sameAs\":[\"https:\/\/www.facebook.com\/Illiadeformation42\",\"https:\/\/x.com\/illiadef\",\"https:\/\/www.instagram.com\/illiade_formation\/\"]},{\"@type\":\"Person\",\"@id\":\"https:\/\/www.illiade-formation.fr\/fr\/#\/schema\/person\/29b693990af51ff406d62c4af39b7894\",\"name\":\"Illiade Formation\",\"image\":{\"@type\":\"ImageObject\",\"inLanguage\":\"fr-FR\",\"@id\":\"https:\/\/www.illiade-formation.fr\/fr\/#\/schema\/person\/image\/\",\"url\":\"https:\/\/secure.gravatar.com\/avatar\/cef751178213bd10c02978645f99a00cbdec0855752577c1d8cb9410639923ea?s=96&d=mm&r=g\",\"contentUrl\":\"https:\/\/secure.gravatar.com\/avatar\/cef751178213bd10c02978645f99a00cbdec0855752577c1d8cb9410639923ea?s=96&d=mm&r=g\",\"caption\":\"Illiade Formation\"},\"sameAs\":[\"https:\/\/www.illiade-formation.fr\/fr\"],\"url\":\"https:\/\/www.illiade-formation.fr\/fr\/author\/admin-illiade\/\"}]}<\/script>\n<!-- \/ Yoast SEO plugin. -->","yoast_head_json":{"title":"Tremplin Carri\u00e8re - Illiade Formation","robots":{"index":"index","follow":"follow","max-snippet":"max-snippet:-1","max-image-preview":"max-image-preview:large","max-video-preview":"max-video-preview:-1"},"canonical":"https:\/\/www.illiade-formation.fr\/fr\/formation-tremplin-carriere\/","og_locale":"fr_FR","og_type":"article","og_title":"Tremplin Carri\u00e8re - Illiade Formation","og_description":"Pour quel public + Pr\u00e9requis ? Combien de temps dure la prestation ? 90 jours calendaires \u00e0 compter de la date de l\u2019entretien de diagnostic et de contractualisation Quels sont les objectifs de la prestation ? Comment se d\u00e9roule la prestation ? La prestation \u00ab Tremplin carri\u00e8re\u00bb comporte 2 phases : O\u00f9 se d\u00e9roule la [&hellip;]","og_url":"https:\/\/www.illiade-formation.fr\/fr\/formation-tremplin-carriere\/","og_site_name":"Illiade Formation","article_publisher":"https:\/\/www.facebook.com\/Illiadeformation42","article_published_time":"2021-12-21T08:15:03+00:00","article_modified_time":"2025-01-29T10:34:50+00:00","og_image":[{"width":1200,"height":800,"url":"https:\/\/www.illiade-formation.fr\/fr\/wp-content\/uploads\/2021\/12\/Copie-de-Sans-titre-1.png","type":"image\/png"}],"author":"Illiade Formation","twitter_card":"summary_large_image","twitter_creator":"@illiadef","twitter_site":"@illiadef","twitter_misc":{"\u00c9crit par":"Illiade Formation","Dur\u00e9e de lecture estim\u00e9e":"2 minutes"},"schema":{"@context":"https:\/\/schema.org","@graph":[{"@type":"Article","@id":"https:\/\/www.illiade-formation.fr\/fr\/formation-tremplin-carriere\/#article","isPartOf":{"@id":"https:\/\/www.illiade-formation.fr\/fr\/formation-tremplin-carriere\/"},"author":{"name":"Illiade Formation","@id":"https:\/\/www.illiade-formation.fr\/fr\/#\/schema\/person\/29b693990af51ff406d62c4af39b7894"},"headline":"Tremplin Carri\u00e8re","datePublished":"2021-12-21T08:15:03+00:00","dateModified":"2025-01-29T10:34:50+00:00","mainEntityOfPage":{"@id":"https:\/\/www.illiade-formation.fr\/fr\/formation-tremplin-carriere\/"},"wordCount":202,"publisher":{"@id":"https:\/\/www.illiade-formation.fr\/fr\/#organization"},"image":{"@id":"https:\/\/www.illiade-formation.fr\/fr\/formation-tremplin-carriere\/#primaryimage"},"thumbnailUrl":"https:\/\/www.illiade-formation.fr\/fr\/wp-content\/uploads\/2021\/12\/Copie-de-Sans-titre-1.png","articleSection":["Nos Formations","Nos prestations"],"inLanguage":"fr-FR"},{"@type":"WebPage","@id":"https:\/\/www.illiade-formation.fr\/fr\/formation-tremplin-carriere\/","url":"https:\/\/www.illiade-formation.fr\/fr\/formation-tremplin-carriere\/","name":"Tremplin Carri\u00e8re - Illiade Formation","isPartOf":{"@id":"https:\/\/www.illiade-formation.fr\/fr\/#website"},"primaryImageOfPage":{"@id":"https:\/\/www.illiade-formation.fr\/fr\/formation-tremplin-carriere\/#primaryimage"},"image":{"@id":"https:\/\/www.illiade-formation.fr\/fr\/formation-tremplin-carriere\/#primaryimage"},"thumbnailUrl":"https:\/\/www.illiade-formation.fr\/fr\/wp-content\/uploads\/2021\/12\/Copie-de-Sans-titre-1.png","datePublished":"2021-12-21T08:15:03+00:00","dateModified":"2025-01-29T10:34:50+00:00","breadcrumb":{"@id":"https:\/\/www.illiade-formation.fr\/fr\/formation-tremplin-carriere\/#breadcrumb"},"inLanguage":"fr-FR","potentialAction":[{"@type":"ReadAction","target":["https:\/\/www.illiade-formation.fr\/fr\/formation-tremplin-carriere\/"]}]},{"@type":"ImageObject","inLanguage":"fr-FR","@id":"https:\/\/www.illiade-formation.fr\/fr\/formation-tremplin-carriere\/#primaryimage","url":"https:\/\/www.illiade-formation.fr\/fr\/wp-content\/uploads\/2021\/12\/Copie-de-Sans-titre-1.png","contentUrl":"https:\/\/www.illiade-formation.fr\/fr\/wp-content\/uploads\/2021\/12\/Copie-de-Sans-titre-1.png","width":1200,"height":800},{"@type":"BreadcrumbList","@id":"https:\/\/www.illiade-formation.fr\/fr\/formation-tremplin-carriere\/#breadcrumb","itemListElement":[{"@type":"ListItem","position":1,"name":"Accueil","item":"https:\/\/www.illiade-formation.fr\/fr\/"},{"@type":"ListItem","position":2,"name":"Tremplin Carri\u00e8re"}]},{"@type":"WebSite","@id":"https:\/\/www.illiade-formation.fr\/fr\/#website","url":"https:\/\/www.illiade-formation.fr\/fr\/","name":"Illiade Formation","description":"Ensemble, allons plus loin","publisher":{"@id":"https:\/\/www.illiade-formation.fr\/fr\/#organization"},"potentialAction":[{"@type":"SearchAction","target":{"@type":"EntryPoint","urlTemplate":"https:\/\/www.illiade-formation.fr\/fr\/?s={search_term_string}"},"query-input":"required name=search_term_string"}],"inLanguage":"fr-FR"},{"@type":"Organization","@id":"https:\/\/www.illiade-formation.fr\/fr\/#organization","name":"Illiade Formation","url":"https:\/\/www.illiade-formation.fr\/fr\/","logo":{"@type":"ImageObject","inLanguage":"fr-FR","@id":"https:\/\/www.illiade-formation.fr\/fr\/#\/schema\/logo\/image\/","url":"https:\/\/www.illiade-formation.fr\/fr\/wp-content\/uploads\/2022\/06\/Logo-250px.png","contentUrl":"https:\/\/www.illiade-formation.fr\/fr\/wp-content\/uploads\/2022\/06\/Logo-250px.png","width":250,"height":250,"caption":"Illiade Formation"},"image":{"@id":"https:\/\/www.illiade-formation.fr\/fr\/#\/schema\/logo\/image\/"},"sameAs":["https:\/\/www.facebook.com\/Illiadeformation42","https:\/\/x.com\/illiadef","https:\/\/www.instagram.com\/illiade_formation\/"]},{"@type":"Person","@id":"https:\/\/www.illiade-formation.fr\/fr\/#\/schema\/person\/29b693990af51ff406d62c4af39b7894","name":"Illiade Formation","image":{"@type":"ImageObject","inLanguage":"fr-FR","@id":"https:\/\/www.illiade-formation.fr\/fr\/#\/schema\/person\/image\/","url":"https:\/\/secure.gravatar.com\/avatar\/cef751178213bd10c02978645f99a00cbdec0855752577c1d8cb9410639923ea?s=96&d=mm&r=g","contentUrl":"https:\/\/secure.gravatar.com\/avatar\/cef751178213bd10c02978645f99a00cbdec0855752577c1d8cb9410639923ea?s=96&d=mm&r=g","caption":"Illiade Formation"},"sameAs":["https:\/\/www.illiade-formation.fr\/fr"],"url":"https:\/\/www.illiade-formation.fr\/fr\/author\/admin-illiade\/"}]}},"_links":{"self":[{"href":"https:\/\/www.illiade-formation.fr\/fr\/wp-json\/wp\/v2\/posts\/1553","targetHints":{"allow":["GET"]}}],"collection":[{"href":"https:\/\/www.illiade-formation.fr\/fr\/wp-json\/wp\/v2\/posts"}],"about":[{"href":"https:\/\/www.illiade-formation.fr\/fr\/wp-json\/wp\/v2\/types\/post"}],"author":[{"embeddable":true,"href":"https:\/\/www.illiade-formation.fr\/fr\/wp-json\/wp\/v2\/users\/1"}],"replies":[{"embeddable":true,"href":"https:\/\/www.illiade-formation.fr\/fr\/wp-json\/wp\/v2\/comments?post=1553"}],"version-history":[{"count":8,"href":"https:\/\/www.illiade-formation.fr\/fr\/wp-json\/wp\/v2\/posts\/1553\/revisions"}],"predecessor-version":[{"id":6276,"href":"https:\/\/www.illiade-formation.fr\/fr\/wp-json\/wp\/v2\/posts\/1553\/revisions\/6276"}],"wp:featuredmedia":[{"embeddable":true,"href":"https:\/\/www.illiade-formation.fr\/fr\/wp-json\/wp\/v2\/media\/6723"}],"wp:attachment":[{"href":"https:\/\/www.illiade-formation.fr\/fr\/wp-json\/wp\/v2\/media?parent=1553"}],"wp:term":[{"taxonomy":"category","embeddable":true,"href":"https:\/\/www.illiade-formation.fr\/fr\/wp-json\/wp\/v2\/categories?post=1553"},{"taxonomy":"post_tag","embeddable":true,"href":"https:\/\/www.illiade-formation.fr\/fr\/wp-json\/wp\/v2\/tags?post=1553"}],"curies":[{"name":"wp","href":"https:\/\/api.w.org\/{rel}","templated":true}]}}