{"id":6464,"date":"2023-08-21T14:08:53","date_gmt":"2023-08-21T12:08:53","guid":{"rendered":"https:\/\/www.illiade-formation.fr\/fr\/?p=6464"},"modified":"2025-01-29T11:31:47","modified_gmt":"2025-01-29T10:31:47","slug":"titre-professionnel-conseiller-en-insertion-professionnelle","status":"publish","type":"post","link":"https:\/\/www.illiade-formation.fr\/fr\/titre-professionnel-conseiller-en-insertion-professionnelle\/","title":{"rendered":"Titre Professionnel                                                                           Conseiller en insertion professionnelle"},"content":{"rendered":"\n<p><\/p>\n\n\n\n<p class=\"has-text-color\" style=\"color:#8ac052\"><strong>Pour quel public&nbsp;?<\/strong><\/p>\n\n\n\n<p>Cette formation est ouverte \u00e0 tout public&nbsp;(salari\u00e9, travailleur ind\u00e9pendant, demandeur d&#8217;emploi etc).<\/p>\n\n\n\n<p class=\"has-text-color\" style=\"color:#8ac052\"><strong>Quels sont les pr\u00e9requis&nbsp;?<\/strong><\/p>\n\n\n\n<ul class=\"wp-block-list\">\n<li>Niveau d&rsquo;\u00e9tude terminale ou \u00e9quivalent<\/li>\n\n\n\n<li>Une premi\u00e8re exp\u00e9rience de l\u2019insertion professionnelle souhait\u00e9e, y compris en b\u00e9n\u00e9volat.<\/li>\n\n\n\n<li>Comp\u00e9tences en communication orale et \u00e9crite : \u00e9couter, poser des questions, reformuler, comprendre des \u00e9nonc\u00e9s sp\u00e9cifiques, r\u00e9sumer et r\u00e9diger un compte-rendu.<\/li>\n\n\n\n<li>Comp\u00e9tences en bureautique : utiliser les fonctions de base du traitement de texte, une messagerie \u00e9lectronique et savoir r\u00e9aliser une recherche sur internet.<\/li>\n\n\n\n<li>Avoir confirm\u00e9 son projet de devenir CIP (immersion professionnelle, enqu\u00eates m\u00e9tier\u2026)<\/li>\n<\/ul>\n\n\n\n<p class=\"has-text-color\" style=\"color:#8ac052\"><strong>Combien de temps dure la prestation ?<\/strong><\/p>\n\n\n\n<p>654h de formation en blended-learning 385h en entreprise sur 3 p\u00e9riodes.<\/p>\n\n\n\n<p class=\"has-text-color\" style=\"color:#8ac052\"><strong>Quels sont les objectifs de la formation ?<\/strong><\/p>\n\n\n\n<ul class=\"wp-block-list\">\n<li>Faire acqu\u00e9rir et\/ou d\u00e9velopper des comp\u00e9tences directement op\u00e9rationnelles dans l\u2019activit\u00e9 professionnelle,<\/li>\n\n\n\n<li>Accro\u00eetre sa connaissance du champ de l\u2019insertion dans ses diff\u00e9rentes probl\u00e9matiques,<\/li>\n\n\n\n<li>Permettre aux acteurs de l\u2019insertion de&nbsp;faire reconna\u00eetre et certifier leurs comp\u00e9tences acquises en situation de travail,<\/li>\n\n\n\n<li>Asseoir son identit\u00e9 professionnelle.<\/li>\n<\/ul>\n\n\n\n<p class=\"has-text-color\" style=\"color:#8ac052\"><strong>Quel est le contenu de la formation?<\/strong><\/p>\n\n\n\n<ul class=\"wp-block-list\">\n<li>Bloc de comp\u00e9tences 1: \n<ul class=\"wp-block-list\">\n<li>Accueillir pour analyser la demande des personnes et poser les bases d&rsquo;un diagnostic partag\u00e9, Informer une personne ou un groupe sur les ressources en mati\u00e8re d&rsquo;insertion et les services d\u00e9mat\u00e9rialis\u00e9s ; <\/li>\n\n\n\n<li>Analyser la demande de la personne et poser les bases d&rsquo;un diagnostic partag\u00e9 ; <\/li>\n\n\n\n<li>Exercer une veille informationnelle, technique et prospective pour adapter son activit\u00e9 au public et au contexte ; <\/li>\n\n\n\n<li>Travailler en \u00e9quipe, en r\u00e9seau et dans un cadre partenarial pour optimiser la r\u00e9ponse aux besoins des personnes accueillies ; <\/li>\n\n\n\n<li>R\u00e9aliser le traitement administratif et les \u00e9crits professionnels li\u00e9s \u00e0 l&rsquo;activit\u00e9 dans un environnement num\u00e9rique. &nbsp;<\/li>\n<\/ul>\n<\/li>\n<\/ul>\n\n\n\n<ul class=\"wp-block-list\">\n<li>Bloc de comp\u00e9tences 2: \n<ul class=\"wp-block-list\">\n<li>Accompagner les personnes dans leur parcours d&rsquo;insertion sociale et professionnelle, <\/li>\n\n\n\n<li>Contractualiser et suivre avec la personne son parcours d&rsquo;insertion professionnelle ; <\/li>\n\n\n\n<li>Accompagner une personne \u00e0 l&rsquo;\u00e9laboration de son projet professionnel ; <\/li>\n\n\n\n<li>Accompagner la r\u00e9alisation des projets professionnels ; <\/li>\n\n\n\n<li>Concevoir des ateliers th\u00e9matiques favorisant l&rsquo;insertion professionnelle des publics ; <\/li>\n\n\n\n<li>Pr\u00e9parer et animer des ateliers th\u00e9matiques favorisant l&rsquo;insertion ; <\/li>\n\n\n\n<li>Analyser sa pratique professionnelle.<\/li>\n<\/ul>\n<\/li>\n<\/ul>\n\n\n\n<ul class=\"wp-block-list\">\n<li>Bloc de comp\u00e9tences 3: \n<ul class=\"wp-block-list\">\n<li>Mettre en \u0153uvre une offre de services aupr\u00e8s des employeurs pour favoriser l&rsquo;insertion professionnelle, <\/li>\n\n\n\n<li>D\u00e9ployer, dans une d\u00e9marche projet, des actions de prospection avec les employeurs du territoire pour favoriser l&rsquo;insertion professionnelle ; <\/li>\n\n\n\n<li>Apporter un appui technique aux employeurs en mati\u00e8re de recrutement ; <\/li>\n\n\n\n<li>Faciliter l&rsquo;int\u00e9gration et le maintien du salari\u00e9 dans son environnement professionnel ; <\/li>\n\n\n\n<li>Inscrire ses actes professionnels dans une d\u00e9marche de d\u00e9veloppement durable ; <\/li>\n\n\n\n<li>Int\u00e9grer la pr\u00e9vention des risques professionnels dans son travail.<\/li>\n<\/ul>\n<\/li>\n<\/ul>\n\n\n\n<p class=\"has-text-color\" style=\"color:#8ac052\"><strong>Quelles sont les modalit\u00e9s p\u00e9dagogiques ?<\/strong><\/p>\n\n\n\n<p>Les modalit\u00e9s techniques et p\u00e9dagogiques mises en \u0153uvre, reposent sur des situations d\u2019apprentissage vari\u00e9es en centre de formation et \u00e0 distance (blended-learning).<\/p>\n\n\n\n<p>L\u2019accompagnement est individualis\u00e9&nbsp;par une \u00e9quipe p\u00e9dagogique experte. Un formateur r\u00e9f\u00e9rent vous suit tout au long de votre parcours : suivi de votre parcours individuel et adaptation si besoin, accompagnement dans la recherche de votre stage, suivi en entreprise et coaching emploi.<\/p>\n\n\n\n<p>Une p\u00e9dagogie active rythmera la formation afin de favoriser le socioconstructivisme.<\/p>\n\n\n\n<p class=\"has-text-color\" style=\"color:#8ac052\"><strong>Quelles sont les modalit\u00e9s d&rsquo;\u00e9valuation?<\/strong><\/p>\n\n\n\n<p>Pr\u00e9sentation d\u2019un Dossier professionnel, mises en situation pratiques, entretien technique et entretien final devant 2 jur\u00e9s professionnels du m\u00e9tier et agr\u00e9\u00e9s.<\/p>\n\n\n\n<p class=\"has-text-color\" style=\"color:#8ac052\"><strong>O\u00f9 se d\u00e9roule la prestation ?<\/strong><\/p>\n\n\n\n<p>La prestation se d\u00e9roule sur le site de Firminy au 44, rue de la Tour de Varan.<\/p>\n\n\n\n<p class=\"has-text-color\" style=\"color:#8ac052\"><strong>Quel est le financement et par qui ?<\/strong><\/p>\n\n\n\n<p>Selon votre situation, plusieurs modalit\u00e9s de financement sont possibles :&nbsp;<\/p>\n\n\n\n<ul class=\"wp-block-list\">\n<li>Le dispositif \u00ab CPF de transition professionnelle \u00bb (Se renseigner aupr\u00e8s de l&rsquo;organisme TRANSITION PRO de votre r\u00e9gion)<\/li>\n\n\n\n<li>Votre Compte Personnel de Formation (CPF)<\/li>\n\n\n\n<li>L\u2019Aide Individuelle \u00e0 la Formation (P\u00f4le Emploi)<\/li>\n\n\n\n<li>L\u2019Aide de votre Conseil r\u00e9gional<\/li>\n\n\n\n<li>L\u2019AGEFIPH (pour les Travailleurs Handicap\u00e9s)<\/li>\n\n\n\n<li>Le Contrat de S\u00e9curisation Professionnelle (OPCO de votre employeur)<\/li>\n\n\n\n<li>Le Plan de d\u00e9veloppement des comp\u00e9tences (OPCO de votre employeur)<\/li>\n\n\n\n<li>En autofinancement<\/li>\n<\/ul>\n\n\n\n<p><\/p>\n\n\n\n<p>Nous d\u00e9buterons la premi\u00e8re session le 28\/10\/2024, vous pouvez donc t\u00e9l\u00e9charger d\u00e8s \u00e0 pr\u00e9sent le dossier d&rsquo;inscription ci-dessous:<\/p>\n\n\n\n<p class=\"has-text-align-center has-text-color has-background has-large-font-size\" style=\"color:#000000;background-color:#8ac052\"><strong><a href=\"https:\/\/www.illiade-formation.fr\/fr\/wp-content\/uploads\/2024\/06\/20240603-dossier-de-candidature-cip.docx\">JE TELECHARGE LE DOSSIER DE CANDIDATURE<\/a> <\/strong><\/p>\n","protected":false},"excerpt":{"rendered":"<p>Pour quel public&nbsp;? Cette formation est ouverte \u00e0 tout public&nbsp;(salari\u00e9, travailleur ind\u00e9pendant, demandeur d&#8217;emploi etc). Quels sont les pr\u00e9requis&nbsp;? Combien de temps dure la prestation ? 654h de formation en blended-learning 385h en entreprise sur 3 p\u00e9riodes. Quels sont les objectifs de la formation ? Quel est le contenu de la formation? Quelles sont les [&hellip;]<\/p>\n","protected":false},"author":8,"featured_media":6720,"comment_status":"closed","ping_status":"open","sticky":false,"template":"","format":"standard","meta":{"footnotes":""},"categories":[5],"tags":[12,13,14],"class_list":["post-6464","post","type-post","status-publish","format-standard","has-post-thumbnail","hentry","category-nos-formations-nos-formations","tag-conseiller","tag-insertion","tag-insertion-professionnelle"],"yoast_head":"<!-- This site is optimized with the Yoast SEO plugin v23.0 - https:\/\/yoast.com\/wordpress\/plugins\/seo\/ -->\n<title>Titre Professionnel                                      Conseiller en insertion professionnelle - Illiade Formation<\/title>\n<meta name=\"robots\" content=\"index, follow, max-snippet:-1, max-image-preview:large, max-video-preview:-1\" \/>\n<link rel=\"canonical\" href=\"https:\/\/www.illiade-formation.fr\/fr\/titre-professionnel-conseiller-en-insertion-professionnelle\/\" \/>\n<meta property=\"og:locale\" content=\"fr_FR\" \/>\n<meta property=\"og:type\" content=\"article\" \/>\n<meta property=\"og:title\" content=\"Titre Professionnel                                      Conseiller en insertion professionnelle - Illiade Formation\" \/>\n<meta property=\"og:description\" content=\"Pour quel public&nbsp;? Cette formation est ouverte \u00e0 tout public&nbsp;(salari\u00e9, travailleur ind\u00e9pendant, demandeur d&#8217;emploi etc). Quels sont les pr\u00e9requis&nbsp;? Combien de temps dure la prestation ? 654h de formation en blended-learning 385h en entreprise sur 3 p\u00e9riodes. Quels sont les objectifs de la formation ? Quel est le contenu de la formation? Quelles sont les [&hellip;]\" \/>\n<meta property=\"og:url\" content=\"https:\/\/www.illiade-formation.fr\/fr\/titre-professionnel-conseiller-en-insertion-professionnelle\/\" \/>\n<meta property=\"og:site_name\" content=\"Illiade Formation\" \/>\n<meta property=\"article:publisher\" content=\"https:\/\/www.facebook.com\/Illiadeformation42\" \/>\n<meta property=\"article:published_time\" content=\"2023-08-21T12:08:53+00:00\" \/>\n<meta property=\"article:modified_time\" content=\"2025-01-29T10:31:47+00:00\" \/>\n<meta property=\"og:image\" content=\"https:\/\/www.illiade-formation.fr\/fr\/wp-content\/uploads\/2023\/08\/Copie-de-Copie-de-Copie-de-Sans-titre.png\" \/>\n\t<meta property=\"og:image:width\" content=\"1200\" \/>\n\t<meta property=\"og:image:height\" content=\"800\" \/>\n\t<meta property=\"og:image:type\" content=\"image\/png\" \/>\n<meta name=\"author\" content=\"Timoth\u00e9e LOUBIER LEBIHAN\" \/>\n<meta name=\"twitter:card\" content=\"summary_large_image\" \/>\n<meta name=\"twitter:creator\" content=\"@illiadef\" \/>\n<meta name=\"twitter:site\" content=\"@illiadef\" \/>\n<meta name=\"twitter:label1\" content=\"\u00c9crit par\" \/>\n\t<meta name=\"twitter:data1\" content=\"Timoth\u00e9e LOUBIER LEBIHAN\" \/>\n\t<meta name=\"twitter:label2\" content=\"Dur\u00e9e de lecture estim\u00e9e\" \/>\n\t<meta name=\"twitter:data2\" content=\"4 minutes\" \/>\n<script type=\"application\/ld+json\" class=\"yoast-schema-graph\">{\"@context\":\"https:\/\/schema.org\",\"@graph\":[{\"@type\":\"Article\",\"@id\":\"https:\/\/www.illiade-formation.fr\/fr\/titre-professionnel-conseiller-en-insertion-professionnelle\/#article\",\"isPartOf\":{\"@id\":\"https:\/\/www.illiade-formation.fr\/fr\/titre-professionnel-conseiller-en-insertion-professionnelle\/\"},\"author\":{\"name\":\"Timoth\u00e9e LOUBIER LEBIHAN\",\"@id\":\"https:\/\/www.illiade-formation.fr\/fr\/#\/schema\/person\/50349e199db0a9f637f312e9b3cc6ef1\"},\"headline\":\"Titre Professionnel Conseiller en insertion professionnelle\",\"datePublished\":\"2023-08-21T12:08:53+00:00\",\"dateModified\":\"2025-01-29T10:31:47+00:00\",\"mainEntityOfPage\":{\"@id\":\"https:\/\/www.illiade-formation.fr\/fr\/titre-professionnel-conseiller-en-insertion-professionnelle\/\"},\"wordCount\":719,\"publisher\":{\"@id\":\"https:\/\/www.illiade-formation.fr\/fr\/#organization\"},\"image\":{\"@id\":\"https:\/\/www.illiade-formation.fr\/fr\/titre-professionnel-conseiller-en-insertion-professionnelle\/#primaryimage\"},\"thumbnailUrl\":\"https:\/\/www.illiade-formation.fr\/fr\/wp-content\/uploads\/2023\/08\/Copie-de-Copie-de-Copie-de-Sans-titre-2.png\",\"keywords\":[\"conseiller\",\"insertion\",\"insertion professionnelle\"],\"articleSection\":[\"Nos Formations\"],\"inLanguage\":\"fr-FR\"},{\"@type\":\"WebPage\",\"@id\":\"https:\/\/www.illiade-formation.fr\/fr\/titre-professionnel-conseiller-en-insertion-professionnelle\/\",\"url\":\"https:\/\/www.illiade-formation.fr\/fr\/titre-professionnel-conseiller-en-insertion-professionnelle\/\",\"name\":\"Titre Professionnel Conseiller en insertion professionnelle - Illiade Formation\",\"isPartOf\":{\"@id\":\"https:\/\/www.illiade-formation.fr\/fr\/#website\"},\"primaryImageOfPage\":{\"@id\":\"https:\/\/www.illiade-formation.fr\/fr\/titre-professionnel-conseiller-en-insertion-professionnelle\/#primaryimage\"},\"image\":{\"@id\":\"https:\/\/www.illiade-formation.fr\/fr\/titre-professionnel-conseiller-en-insertion-professionnelle\/#primaryimage\"},\"thumbnailUrl\":\"https:\/\/www.illiade-formation.fr\/fr\/wp-content\/uploads\/2023\/08\/Copie-de-Copie-de-Copie-de-Sans-titre-2.png\",\"datePublished\":\"2023-08-21T12:08:53+00:00\",\"dateModified\":\"2025-01-29T10:31:47+00:00\",\"breadcrumb\":{\"@id\":\"https:\/\/www.illiade-formation.fr\/fr\/titre-professionnel-conseiller-en-insertion-professionnelle\/#breadcrumb\"},\"inLanguage\":\"fr-FR\",\"potentialAction\":[{\"@type\":\"ReadAction\",\"target\":[\"https:\/\/www.illiade-formation.fr\/fr\/titre-professionnel-conseiller-en-insertion-professionnelle\/\"]}]},{\"@type\":\"ImageObject\",\"inLanguage\":\"fr-FR\",\"@id\":\"https:\/\/www.illiade-formation.fr\/fr\/titre-professionnel-conseiller-en-insertion-professionnelle\/#primaryimage\",\"url\":\"https:\/\/www.illiade-formation.fr\/fr\/wp-content\/uploads\/2023\/08\/Copie-de-Copie-de-Copie-de-Sans-titre-2.png\",\"contentUrl\":\"https:\/\/www.illiade-formation.fr\/fr\/wp-content\/uploads\/2023\/08\/Copie-de-Copie-de-Copie-de-Sans-titre-2.png\",\"width\":1200,\"height\":800},{\"@type\":\"BreadcrumbList\",\"@id\":\"https:\/\/www.illiade-formation.fr\/fr\/titre-professionnel-conseiller-en-insertion-professionnelle\/#breadcrumb\",\"itemListElement\":[{\"@type\":\"ListItem\",\"position\":1,\"name\":\"Accueil\",\"item\":\"https:\/\/www.illiade-formation.fr\/fr\/\"},{\"@type\":\"ListItem\",\"position\":2,\"name\":\"Titre Professionnel Conseiller en insertion professionnelle\"}]},{\"@type\":\"WebSite\",\"@id\":\"https:\/\/www.illiade-formation.fr\/fr\/#website\",\"url\":\"https:\/\/www.illiade-formation.fr\/fr\/\",\"name\":\"Illiade Formation\",\"description\":\"Ensemble, allons plus loin\",\"publisher\":{\"@id\":\"https:\/\/www.illiade-formation.fr\/fr\/#organization\"},\"potentialAction\":[{\"@type\":\"SearchAction\",\"target\":{\"@type\":\"EntryPoint\",\"urlTemplate\":\"https:\/\/www.illiade-formation.fr\/fr\/?s={search_term_string}\"},\"query-input\":\"required name=search_term_string\"}],\"inLanguage\":\"fr-FR\"},{\"@type\":\"Organization\",\"@id\":\"https:\/\/www.illiade-formation.fr\/fr\/#organization\",\"name\":\"Illiade Formation\",\"url\":\"https:\/\/www.illiade-formation.fr\/fr\/\",\"logo\":{\"@type\":\"ImageObject\",\"inLanguage\":\"fr-FR\",\"@id\":\"https:\/\/www.illiade-formation.fr\/fr\/#\/schema\/logo\/image\/\",\"url\":\"https:\/\/www.illiade-formation.fr\/fr\/wp-content\/uploads\/2022\/06\/Logo-250px.png\",\"contentUrl\":\"https:\/\/www.illiade-formation.fr\/fr\/wp-content\/uploads\/2022\/06\/Logo-250px.png\",\"width\":250,\"height\":250,\"caption\":\"Illiade Formation\"},\"image\":{\"@id\":\"https:\/\/www.illiade-formation.fr\/fr\/#\/schema\/logo\/image\/\"},\"sameAs\":[\"https:\/\/www.facebook.com\/Illiadeformation42\",\"https:\/\/x.com\/illiadef\",\"https:\/\/www.instagram.com\/illiade_formation\/\"]},{\"@type\":\"Person\",\"@id\":\"https:\/\/www.illiade-formation.fr\/fr\/#\/schema\/person\/50349e199db0a9f637f312e9b3cc6ef1\",\"name\":\"Timoth\u00e9e LOUBIER LEBIHAN\",\"image\":{\"@type\":\"ImageObject\",\"inLanguage\":\"fr-FR\",\"@id\":\"https:\/\/www.illiade-formation.fr\/fr\/#\/schema\/person\/image\/\",\"url\":\"https:\/\/secure.gravatar.com\/avatar\/621299096325cc8ef148d5081b5f3ce943c95b852f41837570af1341a024f047?s=96&d=mm&r=g\",\"contentUrl\":\"https:\/\/secure.gravatar.com\/avatar\/621299096325cc8ef148d5081b5f3ce943c95b852f41837570af1341a024f047?s=96&d=mm&r=g\",\"caption\":\"Timoth\u00e9e LOUBIER LEBIHAN\"},\"url\":\"https:\/\/www.illiade-formation.fr\/fr\/author\/tloubier\/\"}]}<\/script>\n<!-- \/ Yoast SEO plugin. -->","yoast_head_json":{"title":"Titre Professionnel                                      Conseiller en insertion professionnelle - Illiade Formation","robots":{"index":"index","follow":"follow","max-snippet":"max-snippet:-1","max-image-preview":"max-image-preview:large","max-video-preview":"max-video-preview:-1"},"canonical":"https:\/\/www.illiade-formation.fr\/fr\/titre-professionnel-conseiller-en-insertion-professionnelle\/","og_locale":"fr_FR","og_type":"article","og_title":"Titre Professionnel                                      Conseiller en insertion professionnelle - Illiade Formation","og_description":"Pour quel public&nbsp;? Cette formation est ouverte \u00e0 tout public&nbsp;(salari\u00e9, travailleur ind\u00e9pendant, demandeur d&#8217;emploi etc). Quels sont les pr\u00e9requis&nbsp;? Combien de temps dure la prestation ? 654h de formation en blended-learning 385h en entreprise sur 3 p\u00e9riodes. Quels sont les objectifs de la formation ? Quel est le contenu de la formation? Quelles sont les [&hellip;]","og_url":"https:\/\/www.illiade-formation.fr\/fr\/titre-professionnel-conseiller-en-insertion-professionnelle\/","og_site_name":"Illiade Formation","article_publisher":"https:\/\/www.facebook.com\/Illiadeformation42","article_published_time":"2023-08-21T12:08:53+00:00","article_modified_time":"2025-01-29T10:31:47+00:00","og_image":[{"width":1200,"height":800,"url":"https:\/\/www.illiade-formation.fr\/fr\/wp-content\/uploads\/2023\/08\/Copie-de-Copie-de-Copie-de-Sans-titre.png","type":"image\/png"}],"author":"Timoth\u00e9e LOUBIER LEBIHAN","twitter_card":"summary_large_image","twitter_creator":"@illiadef","twitter_site":"@illiadef","twitter_misc":{"\u00c9crit par":"Timoth\u00e9e LOUBIER LEBIHAN","Dur\u00e9e de lecture estim\u00e9e":"4 minutes"},"schema":{"@context":"https:\/\/schema.org","@graph":[{"@type":"Article","@id":"https:\/\/www.illiade-formation.fr\/fr\/titre-professionnel-conseiller-en-insertion-professionnelle\/#article","isPartOf":{"@id":"https:\/\/www.illiade-formation.fr\/fr\/titre-professionnel-conseiller-en-insertion-professionnelle\/"},"author":{"name":"Timoth\u00e9e LOUBIER LEBIHAN","@id":"https:\/\/www.illiade-formation.fr\/fr\/#\/schema\/person\/50349e199db0a9f637f312e9b3cc6ef1"},"headline":"Titre Professionnel Conseiller en insertion professionnelle","datePublished":"2023-08-21T12:08:53+00:00","dateModified":"2025-01-29T10:31:47+00:00","mainEntityOfPage":{"@id":"https:\/\/www.illiade-formation.fr\/fr\/titre-professionnel-conseiller-en-insertion-professionnelle\/"},"wordCount":719,"publisher":{"@id":"https:\/\/www.illiade-formation.fr\/fr\/#organization"},"image":{"@id":"https:\/\/www.illiade-formation.fr\/fr\/titre-professionnel-conseiller-en-insertion-professionnelle\/#primaryimage"},"thumbnailUrl":"https:\/\/www.illiade-formation.fr\/fr\/wp-content\/uploads\/2023\/08\/Copie-de-Copie-de-Copie-de-Sans-titre-2.png","keywords":["conseiller","insertion","insertion professionnelle"],"articleSection":["Nos Formations"],"inLanguage":"fr-FR"},{"@type":"WebPage","@id":"https:\/\/www.illiade-formation.fr\/fr\/titre-professionnel-conseiller-en-insertion-professionnelle\/","url":"https:\/\/www.illiade-formation.fr\/fr\/titre-professionnel-conseiller-en-insertion-professionnelle\/","name":"Titre Professionnel Conseiller en insertion professionnelle - Illiade Formation","isPartOf":{"@id":"https:\/\/www.illiade-formation.fr\/fr\/#website"},"primaryImageOfPage":{"@id":"https:\/\/www.illiade-formation.fr\/fr\/titre-professionnel-conseiller-en-insertion-professionnelle\/#primaryimage"},"image":{"@id":"https:\/\/www.illiade-formation.fr\/fr\/titre-professionnel-conseiller-en-insertion-professionnelle\/#primaryimage"},"thumbnailUrl":"https:\/\/www.illiade-formation.fr\/fr\/wp-content\/uploads\/2023\/08\/Copie-de-Copie-de-Copie-de-Sans-titre-2.png","datePublished":"2023-08-21T12:08:53+00:00","dateModified":"2025-01-29T10:31:47+00:00","breadcrumb":{"@id":"https:\/\/www.illiade-formation.fr\/fr\/titre-professionnel-conseiller-en-insertion-professionnelle\/#breadcrumb"},"inLanguage":"fr-FR","potentialAction":[{"@type":"ReadAction","target":["https:\/\/www.illiade-formation.fr\/fr\/titre-professionnel-conseiller-en-insertion-professionnelle\/"]}]},{"@type":"ImageObject","inLanguage":"fr-FR","@id":"https:\/\/www.illiade-formation.fr\/fr\/titre-professionnel-conseiller-en-insertion-professionnelle\/#primaryimage","url":"https:\/\/www.illiade-formation.fr\/fr\/wp-content\/uploads\/2023\/08\/Copie-de-Copie-de-Copie-de-Sans-titre-2.png","contentUrl":"https:\/\/www.illiade-formation.fr\/fr\/wp-content\/uploads\/2023\/08\/Copie-de-Copie-de-Copie-de-Sans-titre-2.png","width":1200,"height":800},{"@type":"BreadcrumbList","@id":"https:\/\/www.illiade-formation.fr\/fr\/titre-professionnel-conseiller-en-insertion-professionnelle\/#breadcrumb","itemListElement":[{"@type":"ListItem","position":1,"name":"Accueil","item":"https:\/\/www.illiade-formation.fr\/fr\/"},{"@type":"ListItem","position":2,"name":"Titre Professionnel Conseiller en insertion professionnelle"}]},{"@type":"WebSite","@id":"https:\/\/www.illiade-formation.fr\/fr\/#website","url":"https:\/\/www.illiade-formation.fr\/fr\/","name":"Illiade Formation","description":"Ensemble, allons plus loin","publisher":{"@id":"https:\/\/www.illiade-formation.fr\/fr\/#organization"},"potentialAction":[{"@type":"SearchAction","target":{"@type":"EntryPoint","urlTemplate":"https:\/\/www.illiade-formation.fr\/fr\/?s={search_term_string}"},"query-input":"required name=search_term_string"}],"inLanguage":"fr-FR"},{"@type":"Organization","@id":"https:\/\/www.illiade-formation.fr\/fr\/#organization","name":"Illiade Formation","url":"https:\/\/www.illiade-formation.fr\/fr\/","logo":{"@type":"ImageObject","inLanguage":"fr-FR","@id":"https:\/\/www.illiade-formation.fr\/fr\/#\/schema\/logo\/image\/","url":"https:\/\/www.illiade-formation.fr\/fr\/wp-content\/uploads\/2022\/06\/Logo-250px.png","contentUrl":"https:\/\/www.illiade-formation.fr\/fr\/wp-content\/uploads\/2022\/06\/Logo-250px.png","width":250,"height":250,"caption":"Illiade Formation"},"image":{"@id":"https:\/\/www.illiade-formation.fr\/fr\/#\/schema\/logo\/image\/"},"sameAs":["https:\/\/www.facebook.com\/Illiadeformation42","https:\/\/x.com\/illiadef","https:\/\/www.instagram.com\/illiade_formation\/"]},{"@type":"Person","@id":"https:\/\/www.illiade-formation.fr\/fr\/#\/schema\/person\/50349e199db0a9f637f312e9b3cc6ef1","name":"Timoth\u00e9e LOUBIER LEBIHAN","image":{"@type":"ImageObject","inLanguage":"fr-FR","@id":"https:\/\/www.illiade-formation.fr\/fr\/#\/schema\/person\/image\/","url":"https:\/\/secure.gravatar.com\/avatar\/621299096325cc8ef148d5081b5f3ce943c95b852f41837570af1341a024f047?s=96&d=mm&r=g","contentUrl":"https:\/\/secure.gravatar.com\/avatar\/621299096325cc8ef148d5081b5f3ce943c95b852f41837570af1341a024f047?s=96&d=mm&r=g","caption":"Timoth\u00e9e LOUBIER LEBIHAN"},"url":"https:\/\/www.illiade-formation.fr\/fr\/author\/tloubier\/"}]}},"_links":{"self":[{"href":"https:\/\/www.illiade-formation.fr\/fr\/wp-json\/wp\/v2\/posts\/6464","targetHints":{"allow":["GET"]}}],"collection":[{"href":"https:\/\/www.illiade-formation.fr\/fr\/wp-json\/wp\/v2\/posts"}],"about":[{"href":"https:\/\/www.illiade-formation.fr\/fr\/wp-json\/wp\/v2\/types\/post"}],"author":[{"embeddable":true,"href":"https:\/\/www.illiade-formation.fr\/fr\/wp-json\/wp\/v2\/users\/8"}],"replies":[{"embeddable":true,"href":"https:\/\/www.illiade-formation.fr\/fr\/wp-json\/wp\/v2\/comments?post=6464"}],"version-history":[{"count":13,"href":"https:\/\/www.illiade-formation.fr\/fr\/wp-json\/wp\/v2\/posts\/6464\/revisions"}],"predecessor-version":[{"id":6616,"href":"https:\/\/www.illiade-formation.fr\/fr\/wp-json\/wp\/v2\/posts\/6464\/revisions\/6616"}],"wp:featuredmedia":[{"embeddable":true,"href":"https:\/\/www.illiade-formation.fr\/fr\/wp-json\/wp\/v2\/media\/6720"}],"wp:attachment":[{"href":"https:\/\/www.illiade-formation.fr\/fr\/wp-json\/wp\/v2\/media?parent=6464"}],"wp:term":[{"taxonomy":"category","embeddable":true,"href":"https:\/\/www.illiade-formation.fr\/fr\/wp-json\/wp\/v2\/categories?post=6464"},{"taxonomy":"post_tag","embeddable":true,"href":"https:\/\/www.illiade-formation.fr\/fr\/wp-json\/wp\/v2\/tags?post=6464"}],"curies":[{"name":"wp","href":"https:\/\/api.w.org\/{rel}","templated":true}]}}