{"id":6707,"date":"2024-08-26T10:02:57","date_gmt":"2024-08-26T08:02:57","guid":{"rendered":"https:\/\/www.illiade-formation.fr\/fr\/?p=6707"},"modified":"2025-01-29T11:34:04","modified_gmt":"2025-01-29T10:34:04","slug":"formation-premiers-secours-en-sante-mentale-pssm","status":"publish","type":"post","link":"https:\/\/www.illiade-formation.fr\/fr\/formation-premiers-secours-en-sante-mentale-pssm\/","title":{"rendered":"Formation Premiers secours en sant\u00e9 mentale (PSSM)"},"content":{"rendered":"\n<p><\/p>\n\n\n\n<p class=\"has-text-color\" style=\"color:#8ac052\"><strong>Pour quel public&nbsp;?<\/strong><\/p>\n\n\n\n<p>Tout public, \u00e0 partir de 18 ans (8 \u00e0 16 personnes participants par session)<\/p>\n\n\n\n<p><\/p>\n\n\n\n<p class=\"has-text-color\" style=\"color:#8ac052\"><strong>Quels sont les pr\u00e9requis&nbsp;?<\/strong><\/p>\n\n\n\n<ul class=\"wp-block-list\">\n<li>Aucun<\/li>\n<\/ul>\n\n\n\n<p><\/p>\n\n\n\n<p class=\"has-text-color\" style=\"color:#8ac052\"><strong>Combien de temps dure la formation ?<\/strong><\/p>\n\n\n\n<ul class=\"wp-block-list\">\n<li>2 jours cons\u00e9cutifs, ou<\/li>\n<\/ul>\n\n\n\n<ul class=\"wp-block-list\">\n<li>2 jours non cons\u00e9cutifs (sur une quinzaine), ou<\/li>\n<\/ul>\n\n\n\n<ul class=\"wp-block-list\">\n<li>4 demi-journ\u00e9es (\u00e9chelonn\u00e9es sur 1 mois maximum)<\/li>\n<\/ul>\n\n\n\n<p><\/p>\n\n\n\n<p class=\"has-text-color\" style=\"color:#8ac052\"><strong>Quels sont les objectifs de la formation ?<\/strong><\/p>\n\n\n\n<ul class=\"wp-block-list\">\n<li>Connaitre les 4 principaux troubles psychiques : anxieux, d\u00e9pressifs, psychotiques, li\u00e9s \u00e0 l\u2019utilisation de substances<\/li>\n\n\n\n<li>Apprendre \u00e0 identifier une personne qui souffre de troubles psychiques<\/li>\n\n\n\n<li>\u00c9valuer l\u2019urgence des situations<\/li>\n\n\n\n<li>Connaitre les postures et attitudes qui apportent du soutien et du r\u00e9confort<\/li>\n\n\n\n<li>Informer sur les aides et diriger vers les professionnels de la sant\u00e9<\/li>\n\n\n\n<li>D\u00e9-stigmatiser et changer le regard sur les maladies psychiques<\/li>\n<\/ul>\n\n\n\n<p><\/p>\n\n\n\n<p class=\"has-text-color\" style=\"color:#8ac052\"><strong>Quel est le contenu de la formation?<\/strong><\/p>\n\n\n\n<p><strong>MODULE 1<\/strong><\/p>\n\n\n\n<ul class=\"wp-block-list\">\n<li><em><strong>Introduction \u00e0 la sant\u00e9 mentale et aux Interventions<\/strong><\/em><br>&#8211; Troubles psychiques : d\u00e9finition et \u00e9tat des lieux<br>&#8211; Facteurs de risque, statistiques et cons\u00e9quences<br>&#8211; Interventions en sant\u00e9 mentale<\/li>\n<\/ul>\n\n\n\n<ul class=\"wp-block-list\">\n<li><strong><em>Premiers Secours en Sant\u00e9 Mentale<\/em><\/strong><br>&#8211; Cadre des premiers secours en sant\u00e9 mentale<br>&#8211; Le plan d\u2019action PSSM D\u00e9pression<br>&#8211; Signes et sympt\u00f4mes<br>&#8211; Interventions<\/li>\n<\/ul>\n\n\n\n<p><br><strong>MODULE 2<\/strong><\/p>\n\n\n\n<ul class=\"wp-block-list\">\n<li><strong><em>Le plan d\u2019action PSSM pour la d\u00e9pression et la crise suicidaire<\/em><\/strong><br>&#8211; Premiers Secours dans le cas d\u2019id\u00e9es et de comportements suicidaires<br>&#8211; Premiers Secours pour la d\u00e9pression (hors crise)<\/li>\n<\/ul>\n\n\n\n<ul class=\"wp-block-list\">\n<li><strong><em>Troubles anxieux<\/em><\/strong><br>&#8211; Signes et sympt\u00f4mes<br>&#8211; Interventions<\/li>\n<\/ul>\n\n\n\n<p><strong>MODULE 3<\/strong><\/p>\n\n\n\n<ul class=\"wp-block-list\">\n<li><strong><em>Le plan d\u2019action PSSM pour les troubles anxieux, attaques de paniques et choc post traumatique<\/em><\/strong><br>&#8211; Premiers Secours pour les troubles anxieux (hors crise)<br>&#8211; Premiers Secours dans la crise d\u2019attaque de panique<br>&#8211; Premiers Secours dans la crise apr\u00e8s un \u00e9v\u00e9nement traumatique<\/li>\n<\/ul>\n\n\n\n<ul class=\"wp-block-list\">\n<li><strong><em>Troubles psychotiques<\/em><\/strong><br>&#8211; Signes et sympt\u00f4mes<br>&#8211; Interventions<\/li>\n<\/ul>\n\n\n\n<p><br><strong>MODULE 4<\/strong><\/p>\n\n\n\n<ul class=\"wp-block-list\">\n<li><strong><em>Le plan d\u2019action PSSM pour les troubles psychotiques<\/em><\/strong><br>&#8211; Premiers Secours dans la crise psychotique s\u00e9v\u00e8re<br>&#8211; Premiers Secours pour les troubles psychotiques (hors crise)<\/li>\n<\/ul>\n\n\n\n<ul class=\"wp-block-list\">\n<li><strong><em>Trouble li\u00e9 \u00e0 l\u2019utilisation de substances<\/em><\/strong><br>&#8211; Signes, sympt\u00f4mes<br>&#8211; Interventions<\/li>\n<\/ul>\n\n\n\n<ul class=\"wp-block-list\">\n<li><strong><em>Le plan d\u2019action PSSM pour le trouble li\u00e9 \u00e0 l\u2019utilisation de substances<\/em><\/strong><br>&#8211; Premiers Secours pour les troubles li\u00e9s \u00e0 l\u2019utilisation de substances<br>&#8211; Premiers Secours en cas d\u2019intoxication \u00e0 la substance<br>&#8211; Premiers Secours dans les conduites agressives<br>&#8211; Urgences m\u00e9dicales<\/li>\n<\/ul>\n\n\n\n<p><\/p>\n\n\n\n<p class=\"has-text-color\" style=\"color:#8ac052\"><strong>Quelles sont les modalit\u00e9s p\u00e9dagogiques ?<\/strong><\/p>\n\n\n\n<ul class=\"wp-block-list\">\n<li>Alternance d\u2019apports th\u00e9oriques, d\u2019exercices en groupe et en sous-groupes, de mises en situation, de vid\u00e9os et d\u2019\u00e9changes<\/li>\n<\/ul>\n\n\n\n<ul class=\"wp-block-list\">\n<li>Remise et activit\u00e9s de d\u00e9couverte et d\u2019appropriation du Manuel des Premiers Secours en Sant\u00e9 Mentale<\/li>\n<\/ul>\n\n\n\n<p><\/p>\n\n\n\n<p class=\"has-text-color\" style=\"color:#8ac052\"><strong>Quelles sont les modalit\u00e9s d&rsquo;\u00e9valuation?<\/strong><\/p>\n\n\n\n<ul class=\"wp-block-list\">\n<li>Quiz d\u2019auto positionnement en d\u00e9but et en fin de formation, observation bienveillante et constructive des exercices pratiques, \u00e9changes tout au long de la formation<\/li>\n<\/ul>\n\n\n\n<ul class=\"wp-block-list\">\n<li>Un questionnaire de satisfaction est remis \u00e0 chaque participant en fin de formation<\/li>\n<\/ul>\n\n\n\n<ul class=\"wp-block-list\">\n<li>Recueil et retour sur les attentes et objectifs personnels des apprenants<\/li>\n<\/ul>\n\n\n\n<p><\/p>\n\n\n\n<p class=\"has-text-color\" style=\"color:#8ac052\"><strong>O\u00f9 se d\u00e9roule la prestation ?<\/strong><\/p>\n\n\n\n<p>La prestation peut se d\u00e9rouler en intra (Loire et Haute-Loire) ou inter (Saint-Etienne, Saint-Chamond, Firminy). Autres d\u00e9partements: nous consulter.<\/p>\n\n\n\n<p><\/p>\n\n\n\n<p class=\"has-text-color\" style=\"color:#8ac052\"><strong>Quel est le financement et par qui ?<\/strong><\/p>\n\n\n\n<p>Selon votre situation, plusieurs modalit\u00e9s de financement sont possibles :&nbsp;<\/p>\n\n\n\n<ul class=\"wp-block-list\">\n<li>Plan de d\u00e9veloppement des comp\u00e9tences<\/li>\n\n\n\n<li>OPCO<\/li>\n\n\n\n<li>Fond solidaire PSSM<\/li>\n\n\n\n<li>France Travail<\/li>\n\n\n\n<li>Conseil R\u00e9gional<\/li>\n<\/ul>\n\n\n\n<p>Pour les\u00a0groupes ou formations en intra, les propositions de\u00a0partenariats\u00a0et souhaits d&rsquo;organiser une formation dans votre r\u00e9gion, adressez vos demandes d&rsquo;informations et de devis \u00e0 : contact@illiade-formation.fr<\/p>\n","protected":false},"excerpt":{"rendered":"<p>Pour quel public&nbsp;? Tout public, \u00e0 partir de 18 ans (8 \u00e0 16 personnes participants par session) Quels sont les pr\u00e9requis&nbsp;? Combien de temps dure la formation ? Quels sont les objectifs de la formation ? Quel est le contenu de la formation? MODULE 1 MODULE 2 MODULE 3 MODULE 4 Quelles sont les modalit\u00e9s [&hellip;]<\/p>\n","protected":false},"author":8,"featured_media":6722,"comment_status":"closed","ping_status":"open","sticky":false,"template":"","format":"standard","meta":{"footnotes":""},"categories":[2,5],"tags":[19,20,17,21,18],"class_list":["post-6707","post","type-post","status-publish","format-standard","has-post-thumbnail","hentry","category-actualites","category-nos-formations-nos-formations","tag-pssm","tag-pssm-saint-etienne","tag-sante-mentale","tag-secouriste-sante-mentale","tag-secouristes"],"yoast_head":"<!-- This site is optimized with the Yoast SEO plugin v23.0 - https:\/\/yoast.com\/wordpress\/plugins\/seo\/ -->\n<title>Formation Premiers secours en sant\u00e9 mentale (PSSM) - Illiade Formation<\/title>\n<meta name=\"robots\" content=\"index, follow, max-snippet:-1, max-image-preview:large, max-video-preview:-1\" \/>\n<link rel=\"canonical\" href=\"https:\/\/www.illiade-formation.fr\/fr\/formation-premiers-secours-en-sante-mentale-pssm\/\" \/>\n<meta property=\"og:locale\" content=\"fr_FR\" \/>\n<meta property=\"og:type\" content=\"article\" \/>\n<meta property=\"og:title\" content=\"Formation Premiers secours en sant\u00e9 mentale (PSSM) - Illiade Formation\" \/>\n<meta property=\"og:description\" content=\"Pour quel public&nbsp;? Tout public, \u00e0 partir de 18 ans (8 \u00e0 16 personnes participants par session) Quels sont les pr\u00e9requis&nbsp;? Combien de temps dure la formation ? Quels sont les objectifs de la formation ? Quel est le contenu de la formation? MODULE 1 MODULE 2 MODULE 3 MODULE 4 Quelles sont les modalit\u00e9s [&hellip;]\" \/>\n<meta property=\"og:url\" content=\"https:\/\/www.illiade-formation.fr\/fr\/formation-premiers-secours-en-sante-mentale-pssm\/\" \/>\n<meta property=\"og:site_name\" content=\"Illiade Formation\" \/>\n<meta property=\"article:publisher\" content=\"https:\/\/www.facebook.com\/Illiadeformation42\" \/>\n<meta property=\"article:published_time\" content=\"2024-08-26T08:02:57+00:00\" \/>\n<meta property=\"article:modified_time\" content=\"2025-01-29T10:34:04+00:00\" \/>\n<meta property=\"og:image\" content=\"https:\/\/www.illiade-formation.fr\/fr\/wp-content\/uploads\/2023\/08\/Copie-de-Copie-de-Copie-de-Sans-titre.png\" \/>\n\t<meta property=\"og:image:width\" content=\"1200\" \/>\n\t<meta property=\"og:image:height\" content=\"800\" \/>\n\t<meta property=\"og:image:type\" content=\"image\/png\" \/>\n<meta name=\"author\" content=\"Timoth\u00e9e LOUBIER LEBIHAN\" \/>\n<meta name=\"twitter:card\" content=\"summary_large_image\" \/>\n<meta name=\"twitter:creator\" content=\"@illiadef\" \/>\n<meta name=\"twitter:site\" content=\"@illiadef\" \/>\n<meta name=\"twitter:label1\" content=\"\u00c9crit par\" \/>\n\t<meta name=\"twitter:data1\" content=\"Timoth\u00e9e LOUBIER LEBIHAN\" \/>\n\t<meta name=\"twitter:label2\" content=\"Dur\u00e9e de lecture estim\u00e9e\" \/>\n\t<meta name=\"twitter:data2\" content=\"3 minutes\" \/>\n<script type=\"application\/ld+json\" class=\"yoast-schema-graph\">{\"@context\":\"https:\/\/schema.org\",\"@graph\":[{\"@type\":\"Article\",\"@id\":\"https:\/\/www.illiade-formation.fr\/fr\/formation-premiers-secours-en-sante-mentale-pssm\/#article\",\"isPartOf\":{\"@id\":\"https:\/\/www.illiade-formation.fr\/fr\/formation-premiers-secours-en-sante-mentale-pssm\/\"},\"author\":{\"name\":\"Timoth\u00e9e LOUBIER LEBIHAN\",\"@id\":\"https:\/\/www.illiade-formation.fr\/fr\/#\/schema\/person\/50349e199db0a9f637f312e9b3cc6ef1\"},\"headline\":\"Formation Premiers secours en sant\u00e9 mentale (PSSM)\",\"datePublished\":\"2024-08-26T08:02:57+00:00\",\"dateModified\":\"2025-01-29T10:34:04+00:00\",\"mainEntityOfPage\":{\"@id\":\"https:\/\/www.illiade-formation.fr\/fr\/formation-premiers-secours-en-sante-mentale-pssm\/\"},\"wordCount\":556,\"publisher\":{\"@id\":\"https:\/\/www.illiade-formation.fr\/fr\/#organization\"},\"image\":{\"@id\":\"https:\/\/www.illiade-formation.fr\/fr\/formation-premiers-secours-en-sante-mentale-pssm\/#primaryimage\"},\"thumbnailUrl\":\"https:\/\/www.illiade-formation.fr\/fr\/wp-content\/uploads\/2024\/08\/20240715-site-internet-pssm-1.png\",\"keywords\":[\"pssm\",\"pssm saint-etienne\",\"sant\u00e9 mentale\",\"secouriste sant\u00e9 mentale\",\"secouristes\"],\"articleSection\":[\"Actualit\u00e9s\",\"Nos Formations\"],\"inLanguage\":\"fr-FR\"},{\"@type\":\"WebPage\",\"@id\":\"https:\/\/www.illiade-formation.fr\/fr\/formation-premiers-secours-en-sante-mentale-pssm\/\",\"url\":\"https:\/\/www.illiade-formation.fr\/fr\/formation-premiers-secours-en-sante-mentale-pssm\/\",\"name\":\"Formation Premiers secours en sant\u00e9 mentale (PSSM) - Illiade Formation\",\"isPartOf\":{\"@id\":\"https:\/\/www.illiade-formation.fr\/fr\/#website\"},\"primaryImageOfPage\":{\"@id\":\"https:\/\/www.illiade-formation.fr\/fr\/formation-premiers-secours-en-sante-mentale-pssm\/#primaryimage\"},\"image\":{\"@id\":\"https:\/\/www.illiade-formation.fr\/fr\/formation-premiers-secours-en-sante-mentale-pssm\/#primaryimage\"},\"thumbnailUrl\":\"https:\/\/www.illiade-formation.fr\/fr\/wp-content\/uploads\/2024\/08\/20240715-site-internet-pssm-1.png\",\"datePublished\":\"2024-08-26T08:02:57+00:00\",\"dateModified\":\"2025-01-29T10:34:04+00:00\",\"breadcrumb\":{\"@id\":\"https:\/\/www.illiade-formation.fr\/fr\/formation-premiers-secours-en-sante-mentale-pssm\/#breadcrumb\"},\"inLanguage\":\"fr-FR\",\"potentialAction\":[{\"@type\":\"ReadAction\",\"target\":[\"https:\/\/www.illiade-formation.fr\/fr\/formation-premiers-secours-en-sante-mentale-pssm\/\"]}]},{\"@type\":\"ImageObject\",\"inLanguage\":\"fr-FR\",\"@id\":\"https:\/\/www.illiade-formation.fr\/fr\/formation-premiers-secours-en-sante-mentale-pssm\/#primaryimage\",\"url\":\"https:\/\/www.illiade-formation.fr\/fr\/wp-content\/uploads\/2024\/08\/20240715-site-internet-pssm-1.png\",\"contentUrl\":\"https:\/\/www.illiade-formation.fr\/fr\/wp-content\/uploads\/2024\/08\/20240715-site-internet-pssm-1.png\",\"width\":1200,\"height\":800},{\"@type\":\"BreadcrumbList\",\"@id\":\"https:\/\/www.illiade-formation.fr\/fr\/formation-premiers-secours-en-sante-mentale-pssm\/#breadcrumb\",\"itemListElement\":[{\"@type\":\"ListItem\",\"position\":1,\"name\":\"Accueil\",\"item\":\"https:\/\/www.illiade-formation.fr\/fr\/\"},{\"@type\":\"ListItem\",\"position\":2,\"name\":\"Formation Premiers secours en sant\u00e9 mentale (PSSM)\"}]},{\"@type\":\"WebSite\",\"@id\":\"https:\/\/www.illiade-formation.fr\/fr\/#website\",\"url\":\"https:\/\/www.illiade-formation.fr\/fr\/\",\"name\":\"Illiade Formation\",\"description\":\"Ensemble, allons plus loin\",\"publisher\":{\"@id\":\"https:\/\/www.illiade-formation.fr\/fr\/#organization\"},\"potentialAction\":[{\"@type\":\"SearchAction\",\"target\":{\"@type\":\"EntryPoint\",\"urlTemplate\":\"https:\/\/www.illiade-formation.fr\/fr\/?s={search_term_string}\"},\"query-input\":\"required name=search_term_string\"}],\"inLanguage\":\"fr-FR\"},{\"@type\":\"Organization\",\"@id\":\"https:\/\/www.illiade-formation.fr\/fr\/#organization\",\"name\":\"Illiade Formation\",\"url\":\"https:\/\/www.illiade-formation.fr\/fr\/\",\"logo\":{\"@type\":\"ImageObject\",\"inLanguage\":\"fr-FR\",\"@id\":\"https:\/\/www.illiade-formation.fr\/fr\/#\/schema\/logo\/image\/\",\"url\":\"https:\/\/www.illiade-formation.fr\/fr\/wp-content\/uploads\/2022\/06\/Logo-250px.png\",\"contentUrl\":\"https:\/\/www.illiade-formation.fr\/fr\/wp-content\/uploads\/2022\/06\/Logo-250px.png\",\"width\":250,\"height\":250,\"caption\":\"Illiade Formation\"},\"image\":{\"@id\":\"https:\/\/www.illiade-formation.fr\/fr\/#\/schema\/logo\/image\/\"},\"sameAs\":[\"https:\/\/www.facebook.com\/Illiadeformation42\",\"https:\/\/x.com\/illiadef\",\"https:\/\/www.instagram.com\/illiade_formation\/\"]},{\"@type\":\"Person\",\"@id\":\"https:\/\/www.illiade-formation.fr\/fr\/#\/schema\/person\/50349e199db0a9f637f312e9b3cc6ef1\",\"name\":\"Timoth\u00e9e LOUBIER LEBIHAN\",\"image\":{\"@type\":\"ImageObject\",\"inLanguage\":\"fr-FR\",\"@id\":\"https:\/\/www.illiade-formation.fr\/fr\/#\/schema\/person\/image\/\",\"url\":\"https:\/\/secure.gravatar.com\/avatar\/621299096325cc8ef148d5081b5f3ce943c95b852f41837570af1341a024f047?s=96&d=mm&r=g\",\"contentUrl\":\"https:\/\/secure.gravatar.com\/avatar\/621299096325cc8ef148d5081b5f3ce943c95b852f41837570af1341a024f047?s=96&d=mm&r=g\",\"caption\":\"Timoth\u00e9e LOUBIER LEBIHAN\"},\"url\":\"https:\/\/www.illiade-formation.fr\/fr\/author\/tloubier\/\"}]}<\/script>\n<!-- \/ Yoast SEO plugin. -->","yoast_head_json":{"title":"Formation Premiers secours en sant\u00e9 mentale (PSSM) - Illiade Formation","robots":{"index":"index","follow":"follow","max-snippet":"max-snippet:-1","max-image-preview":"max-image-preview:large","max-video-preview":"max-video-preview:-1"},"canonical":"https:\/\/www.illiade-formation.fr\/fr\/formation-premiers-secours-en-sante-mentale-pssm\/","og_locale":"fr_FR","og_type":"article","og_title":"Formation Premiers secours en sant\u00e9 mentale (PSSM) - Illiade Formation","og_description":"Pour quel public&nbsp;? Tout public, \u00e0 partir de 18 ans (8 \u00e0 16 personnes participants par session) Quels sont les pr\u00e9requis&nbsp;? Combien de temps dure la formation ? Quels sont les objectifs de la formation ? Quel est le contenu de la formation? MODULE 1 MODULE 2 MODULE 3 MODULE 4 Quelles sont les modalit\u00e9s [&hellip;]","og_url":"https:\/\/www.illiade-formation.fr\/fr\/formation-premiers-secours-en-sante-mentale-pssm\/","og_site_name":"Illiade Formation","article_publisher":"https:\/\/www.facebook.com\/Illiadeformation42","article_published_time":"2024-08-26T08:02:57+00:00","article_modified_time":"2025-01-29T10:34:04+00:00","og_image":[{"width":1200,"height":800,"url":"https:\/\/www.illiade-formation.fr\/fr\/wp-content\/uploads\/2023\/08\/Copie-de-Copie-de-Copie-de-Sans-titre.png","type":"image\/png"}],"author":"Timoth\u00e9e LOUBIER LEBIHAN","twitter_card":"summary_large_image","twitter_creator":"@illiadef","twitter_site":"@illiadef","twitter_misc":{"\u00c9crit par":"Timoth\u00e9e LOUBIER LEBIHAN","Dur\u00e9e de lecture estim\u00e9e":"3 minutes"},"schema":{"@context":"https:\/\/schema.org","@graph":[{"@type":"Article","@id":"https:\/\/www.illiade-formation.fr\/fr\/formation-premiers-secours-en-sante-mentale-pssm\/#article","isPartOf":{"@id":"https:\/\/www.illiade-formation.fr\/fr\/formation-premiers-secours-en-sante-mentale-pssm\/"},"author":{"name":"Timoth\u00e9e LOUBIER LEBIHAN","@id":"https:\/\/www.illiade-formation.fr\/fr\/#\/schema\/person\/50349e199db0a9f637f312e9b3cc6ef1"},"headline":"Formation Premiers secours en sant\u00e9 mentale (PSSM)","datePublished":"2024-08-26T08:02:57+00:00","dateModified":"2025-01-29T10:34:04+00:00","mainEntityOfPage":{"@id":"https:\/\/www.illiade-formation.fr\/fr\/formation-premiers-secours-en-sante-mentale-pssm\/"},"wordCount":556,"publisher":{"@id":"https:\/\/www.illiade-formation.fr\/fr\/#organization"},"image":{"@id":"https:\/\/www.illiade-formation.fr\/fr\/formation-premiers-secours-en-sante-mentale-pssm\/#primaryimage"},"thumbnailUrl":"https:\/\/www.illiade-formation.fr\/fr\/wp-content\/uploads\/2024\/08\/20240715-site-internet-pssm-1.png","keywords":["pssm","pssm saint-etienne","sant\u00e9 mentale","secouriste sant\u00e9 mentale","secouristes"],"articleSection":["Actualit\u00e9s","Nos Formations"],"inLanguage":"fr-FR"},{"@type":"WebPage","@id":"https:\/\/www.illiade-formation.fr\/fr\/formation-premiers-secours-en-sante-mentale-pssm\/","url":"https:\/\/www.illiade-formation.fr\/fr\/formation-premiers-secours-en-sante-mentale-pssm\/","name":"Formation Premiers secours en sant\u00e9 mentale (PSSM) - Illiade Formation","isPartOf":{"@id":"https:\/\/www.illiade-formation.fr\/fr\/#website"},"primaryImageOfPage":{"@id":"https:\/\/www.illiade-formation.fr\/fr\/formation-premiers-secours-en-sante-mentale-pssm\/#primaryimage"},"image":{"@id":"https:\/\/www.illiade-formation.fr\/fr\/formation-premiers-secours-en-sante-mentale-pssm\/#primaryimage"},"thumbnailUrl":"https:\/\/www.illiade-formation.fr\/fr\/wp-content\/uploads\/2024\/08\/20240715-site-internet-pssm-1.png","datePublished":"2024-08-26T08:02:57+00:00","dateModified":"2025-01-29T10:34:04+00:00","breadcrumb":{"@id":"https:\/\/www.illiade-formation.fr\/fr\/formation-premiers-secours-en-sante-mentale-pssm\/#breadcrumb"},"inLanguage":"fr-FR","potentialAction":[{"@type":"ReadAction","target":["https:\/\/www.illiade-formation.fr\/fr\/formation-premiers-secours-en-sante-mentale-pssm\/"]}]},{"@type":"ImageObject","inLanguage":"fr-FR","@id":"https:\/\/www.illiade-formation.fr\/fr\/formation-premiers-secours-en-sante-mentale-pssm\/#primaryimage","url":"https:\/\/www.illiade-formation.fr\/fr\/wp-content\/uploads\/2024\/08\/20240715-site-internet-pssm-1.png","contentUrl":"https:\/\/www.illiade-formation.fr\/fr\/wp-content\/uploads\/2024\/08\/20240715-site-internet-pssm-1.png","width":1200,"height":800},{"@type":"BreadcrumbList","@id":"https:\/\/www.illiade-formation.fr\/fr\/formation-premiers-secours-en-sante-mentale-pssm\/#breadcrumb","itemListElement":[{"@type":"ListItem","position":1,"name":"Accueil","item":"https:\/\/www.illiade-formation.fr\/fr\/"},{"@type":"ListItem","position":2,"name":"Formation Premiers secours en sant\u00e9 mentale (PSSM)"}]},{"@type":"WebSite","@id":"https:\/\/www.illiade-formation.fr\/fr\/#website","url":"https:\/\/www.illiade-formation.fr\/fr\/","name":"Illiade Formation","description":"Ensemble, allons plus loin","publisher":{"@id":"https:\/\/www.illiade-formation.fr\/fr\/#organization"},"potentialAction":[{"@type":"SearchAction","target":{"@type":"EntryPoint","urlTemplate":"https:\/\/www.illiade-formation.fr\/fr\/?s={search_term_string}"},"query-input":"required name=search_term_string"}],"inLanguage":"fr-FR"},{"@type":"Organization","@id":"https:\/\/www.illiade-formation.fr\/fr\/#organization","name":"Illiade Formation","url":"https:\/\/www.illiade-formation.fr\/fr\/","logo":{"@type":"ImageObject","inLanguage":"fr-FR","@id":"https:\/\/www.illiade-formation.fr\/fr\/#\/schema\/logo\/image\/","url":"https:\/\/www.illiade-formation.fr\/fr\/wp-content\/uploads\/2022\/06\/Logo-250px.png","contentUrl":"https:\/\/www.illiade-formation.fr\/fr\/wp-content\/uploads\/2022\/06\/Logo-250px.png","width":250,"height":250,"caption":"Illiade Formation"},"image":{"@id":"https:\/\/www.illiade-formation.fr\/fr\/#\/schema\/logo\/image\/"},"sameAs":["https:\/\/www.facebook.com\/Illiadeformation42","https:\/\/x.com\/illiadef","https:\/\/www.instagram.com\/illiade_formation\/"]},{"@type":"Person","@id":"https:\/\/www.illiade-formation.fr\/fr\/#\/schema\/person\/50349e199db0a9f637f312e9b3cc6ef1","name":"Timoth\u00e9e LOUBIER LEBIHAN","image":{"@type":"ImageObject","inLanguage":"fr-FR","@id":"https:\/\/www.illiade-formation.fr\/fr\/#\/schema\/person\/image\/","url":"https:\/\/secure.gravatar.com\/avatar\/621299096325cc8ef148d5081b5f3ce943c95b852f41837570af1341a024f047?s=96&d=mm&r=g","contentUrl":"https:\/\/secure.gravatar.com\/avatar\/621299096325cc8ef148d5081b5f3ce943c95b852f41837570af1341a024f047?s=96&d=mm&r=g","caption":"Timoth\u00e9e LOUBIER LEBIHAN"},"url":"https:\/\/www.illiade-formation.fr\/fr\/author\/tloubier\/"}]}},"_links":{"self":[{"href":"https:\/\/www.illiade-formation.fr\/fr\/wp-json\/wp\/v2\/posts\/6707","targetHints":{"allow":["GET"]}}],"collection":[{"href":"https:\/\/www.illiade-formation.fr\/fr\/wp-json\/wp\/v2\/posts"}],"about":[{"href":"https:\/\/www.illiade-formation.fr\/fr\/wp-json\/wp\/v2\/types\/post"}],"author":[{"embeddable":true,"href":"https:\/\/www.illiade-formation.fr\/fr\/wp-json\/wp\/v2\/users\/8"}],"replies":[{"embeddable":true,"href":"https:\/\/www.illiade-formation.fr\/fr\/wp-json\/wp\/v2\/comments?post=6707"}],"version-history":[{"count":2,"href":"https:\/\/www.illiade-formation.fr\/fr\/wp-json\/wp\/v2\/posts\/6707\/revisions"}],"predecessor-version":[{"id":6711,"href":"https:\/\/www.illiade-formation.fr\/fr\/wp-json\/wp\/v2\/posts\/6707\/revisions\/6711"}],"wp:featuredmedia":[{"embeddable":true,"href":"https:\/\/www.illiade-formation.fr\/fr\/wp-json\/wp\/v2\/media\/6722"}],"wp:attachment":[{"href":"https:\/\/www.illiade-formation.fr\/fr\/wp-json\/wp\/v2\/media?parent=6707"}],"wp:term":[{"taxonomy":"category","embeddable":true,"href":"https:\/\/www.illiade-formation.fr\/fr\/wp-json\/wp\/v2\/categories?post=6707"},{"taxonomy":"post_tag","embeddable":true,"href":"https:\/\/www.illiade-formation.fr\/fr\/wp-json\/wp\/v2\/tags?post=6707"}],"curies":[{"name":"wp","href":"https:\/\/api.w.org\/{rel}","templated":true}]}}