{"id":6727,"date":"2025-01-29T11:50:01","date_gmt":"2025-01-29T10:50:01","guid":{"rendered":"https:\/\/www.illiade-formation.fr\/fr\/?p=6727"},"modified":"2025-07-17T08:41:41","modified_gmt":"2025-07-17T06:41:41","slug":"fle-visee-professionnelle","status":"publish","type":"post","link":"https:\/\/www.illiade-formation.fr\/fr\/fle-visee-professionnelle\/","title":{"rendered":"FLE vis\u00e9e professionnelle"},"content":{"rendered":"\n<p><\/p>\n\n\n\n<p class=\"has-text-color\" style=\"color:#8ac052\"><strong>Pour quel public&nbsp;?<\/strong><\/p>\n\n\n\n<blockquote class=\"wp-block-quote is-layout-flow wp-block-quote-is-layout-flow\">\n<blockquote class=\"wp-block-quote is-layout-flow wp-block-quote-is-layout-flow\">\n<ul class=\"wp-block-list\">\n<li>Personnes ayant un niveau A1 du CECRL.<\/li>\n\n\n\n<li>Stagiaires motiv\u00e9s par une\u00a0<strong>insertion professionnelle \u00e0 court terme<\/strong>, avec un projet d\u00e9fini ou \u00e0 clarifier.<\/li>\n<\/ul>\n<\/blockquote>\n<\/blockquote>\n\n\n\n<p class=\"has-text-color\" style=\"color:#8ac052\"><strong>Quels sont les objectifs de la formation ?<\/strong><\/p>\n\n\n\n<ul class=\"wp-block-list\">\n<li>D\u00e9velopper la comp\u00e9tence \u00e0 communiquer en fran\u00e7ais dans un\u00a0<strong>contexte professionnel<\/strong>\u00a0(oral et \u00e9crit).<\/li>\n\n\n\n<li>Ma\u00eetriser les codes, valeurs, et r\u00e8gles du fonctionnement d\u2019une entreprise.<\/li>\n\n\n\n<li>D\u00e9velopper leur employabilit\u00e9 et se pr\u00e9parer \u00e0 acc\u00e9der \u00e0 un emploi durable ou une formation qualifiante.<\/li>\n\n\n\n<li>Se projeter dans une suite de parcours professionnel.<\/li>\n<\/ul>\n\n\n\n<p class=\"has-text-color\" style=\"color:#8ac052\"><strong>Quels sont les moyens et m\u00e9thodes p\u00e9dagogiques ?<\/strong><\/p>\n\n\n\n<blockquote class=\"wp-block-quote is-layout-flow wp-block-quote-is-layout-flow\">\n<ul class=\"wp-block-list\">\n<li><strong>Approche individualis\u00e9e :<\/strong>R\u00e9partition des heures entre comp\u00e9tences orales et \u00e9crites selon les besoins du stagiaire.<\/li>\n\n\n\n<li><strong>Mise en \u0153uvre p\u00e9dagogique :<\/strong>Activit\u00e9s interactives : jeux de r\u00f4le, \u00e9tudes de cas, mises en situation et d\u00e9marche actionnelle.<\/li>\n\n\n\n<li>Exploitation de supports contextualis\u00e9s, documents authentiques ou reconstitu\u00e9s.<\/li>\n\n\n\n<li>Utilisation de la plateforme e-learning FRELLO et d\u2019applications mobiles.<\/li>\n\n\n\n<li>D\u00e9veloppement des comp\u00e9tences sociales et des savoir-\u00eatre en contexte professionnel (ex. : respect des consignes, esprit d&rsquo;\u00e9quipe).<\/li>\n\n\n\n<li>Interventions de professionnels, visites d&rsquo;entreprises, et enqu\u00eates m\u00e9tiers.<\/li>\n<\/ul>\n<\/blockquote>\n\n\n\n<p class=\"has-text-color\" style=\"color:#8ac052\"><strong>Combien de temps dure la formation ?<\/strong><\/p>\n\n\n\n<ul class=\"wp-block-list\">\n<li><strong>Dur\u00e9e maximale :<\/strong>\u00a0511\u00a0heures.\n<ul class=\"wp-block-list\">\n<li><strong>Formation linguistique :<\/strong>\u00a0352 heures.<\/li>\n\n\n\n<li><strong>Mise en situation professionnelle :<\/strong>\u00a0105 heures.<\/li>\n\n\n\n<li><strong>Pr\u00e9paration de l\u2019apr\u00e8s-formation :<\/strong>\u00a021 heures.<\/li>\n\n\n\n<li><strong>Soutien personnalis\u00e9 :<\/strong>\u00a033 heures.<\/li>\n<\/ul>\n<\/li>\n<\/ul>\n\n\n\n<p class=\"has-text-color\" style=\"color:#8ac052\"><\/p>\n\n\n\n<p><\/p>\n","protected":false},"excerpt":{"rendered":"<p>Pour quel public&nbsp;? Quels sont les objectifs de la formation ? Quels sont les moyens et m\u00e9thodes p\u00e9dagogiques ? Combien de temps dure la formation ?<\/p>\n","protected":false},"author":8,"featured_media":6746,"comment_status":"closed","ping_status":"open","sticky":false,"template":"","format":"standard","meta":{"footnotes":""},"categories":[2,5],"tags":[12,13,14],"class_list":["post-6727","post","type-post","status-publish","format-standard","has-post-thumbnail","hentry","category-actualites","category-nos-formations-nos-formations","tag-conseiller","tag-insertion","tag-insertion-professionnelle"],"yoast_head":"<!-- This site is optimized with the Yoast SEO plugin v23.0 - https:\/\/yoast.com\/wordpress\/plugins\/seo\/ -->\n<title>FLE vis\u00e9e professionnelle - Illiade Formation<\/title>\n<meta name=\"description\" content=\"D\u00e9couvrez nos formations en Fran\u00e7ais Langue \u00c9trang\u00e8re (FLE) \u00e0 vis\u00e9e professionnelle : d\u00e9veloppez vos comp\u00e9tences linguistiques pour r\u00e9ussir dans le monde du travail. Cours adapt\u00e9s, pratiques et orient\u00e9s m\u00e9tier !\" \/>\n<meta name=\"robots\" content=\"index, follow, max-snippet:-1, max-image-preview:large, max-video-preview:-1\" \/>\n<link rel=\"canonical\" href=\"https:\/\/www.illiade-formation.fr\/fr\/fle-visee-professionnelle\/\" \/>\n<meta property=\"og:locale\" content=\"fr_FR\" \/>\n<meta property=\"og:type\" content=\"article\" \/>\n<meta property=\"og:title\" content=\"FLE vis\u00e9e professionnelle - Illiade Formation\" \/>\n<meta property=\"og:description\" content=\"D\u00e9couvrez nos formations en Fran\u00e7ais Langue \u00c9trang\u00e8re (FLE) \u00e0 vis\u00e9e professionnelle : d\u00e9veloppez vos comp\u00e9tences linguistiques pour r\u00e9ussir dans le monde du travail. Cours adapt\u00e9s, pratiques et orient\u00e9s m\u00e9tier !\" \/>\n<meta property=\"og:url\" content=\"https:\/\/www.illiade-formation.fr\/fr\/fle-visee-professionnelle\/\" \/>\n<meta property=\"og:site_name\" content=\"Illiade Formation\" \/>\n<meta property=\"article:publisher\" content=\"https:\/\/www.facebook.com\/Illiadeformation42\" \/>\n<meta property=\"article:published_time\" content=\"2025-01-29T10:50:01+00:00\" \/>\n<meta property=\"article:modified_time\" content=\"2025-07-17T06:41:41+00:00\" \/>\n<meta property=\"og:image\" content=\"https:\/\/www.illiade-formation.fr\/fr\/wp-content\/uploads\/2023\/08\/Copie-de-Copie-de-Copie-de-Sans-titre.png\" \/>\n\t<meta property=\"og:image:width\" content=\"1200\" \/>\n\t<meta property=\"og:image:height\" content=\"800\" \/>\n\t<meta property=\"og:image:type\" content=\"image\/png\" \/>\n<meta name=\"author\" content=\"Timoth\u00e9e LOUBIER LEBIHAN\" \/>\n<meta name=\"twitter:card\" content=\"summary_large_image\" \/>\n<meta name=\"twitter:creator\" content=\"@illiadef\" \/>\n<meta name=\"twitter:site\" content=\"@illiadef\" \/>\n<meta name=\"twitter:label1\" content=\"\u00c9crit par\" \/>\n\t<meta name=\"twitter:data1\" content=\"Timoth\u00e9e LOUBIER LEBIHAN\" \/>\n\t<meta name=\"twitter:label2\" content=\"Dur\u00e9e de lecture estim\u00e9e\" \/>\n\t<meta name=\"twitter:data2\" content=\"1 minute\" \/>\n<script type=\"application\/ld+json\" class=\"yoast-schema-graph\">{\"@context\":\"https:\/\/schema.org\",\"@graph\":[{\"@type\":\"Article\",\"@id\":\"https:\/\/www.illiade-formation.fr\/fr\/fle-visee-professionnelle\/#article\",\"isPartOf\":{\"@id\":\"https:\/\/www.illiade-formation.fr\/fr\/fle-visee-professionnelle\/\"},\"author\":{\"name\":\"Timoth\u00e9e LOUBIER LEBIHAN\",\"@id\":\"https:\/\/www.illiade-formation.fr\/fr\/#\/schema\/person\/50349e199db0a9f637f312e9b3cc6ef1\"},\"headline\":\"FLE vis\u00e9e professionnelle\",\"datePublished\":\"2025-01-29T10:50:01+00:00\",\"dateModified\":\"2025-07-17T06:41:41+00:00\",\"mainEntityOfPage\":{\"@id\":\"https:\/\/www.illiade-formation.fr\/fr\/fle-visee-professionnelle\/\"},\"wordCount\":219,\"publisher\":{\"@id\":\"https:\/\/www.illiade-formation.fr\/fr\/#organization\"},\"image\":{\"@id\":\"https:\/\/www.illiade-formation.fr\/fr\/fle-visee-professionnelle\/#primaryimage\"},\"thumbnailUrl\":\"https:\/\/www.illiade-formation.fr\/fr\/wp-content\/uploads\/2025\/01\/3.png\",\"keywords\":[\"conseiller\",\"insertion\",\"insertion professionnelle\"],\"articleSection\":[\"Actualit\u00e9s\",\"Nos Formations\"],\"inLanguage\":\"fr-FR\"},{\"@type\":\"WebPage\",\"@id\":\"https:\/\/www.illiade-formation.fr\/fr\/fle-visee-professionnelle\/\",\"url\":\"https:\/\/www.illiade-formation.fr\/fr\/fle-visee-professionnelle\/\",\"name\":\"FLE vis\u00e9e professionnelle - Illiade Formation\",\"isPartOf\":{\"@id\":\"https:\/\/www.illiade-formation.fr\/fr\/#website\"},\"primaryImageOfPage\":{\"@id\":\"https:\/\/www.illiade-formation.fr\/fr\/fle-visee-professionnelle\/#primaryimage\"},\"image\":{\"@id\":\"https:\/\/www.illiade-formation.fr\/fr\/fle-visee-professionnelle\/#primaryimage\"},\"thumbnailUrl\":\"https:\/\/www.illiade-formation.fr\/fr\/wp-content\/uploads\/2025\/01\/3.png\",\"datePublished\":\"2025-01-29T10:50:01+00:00\",\"dateModified\":\"2025-07-17T06:41:41+00:00\",\"description\":\"D\u00e9couvrez nos formations en Fran\u00e7ais Langue \u00c9trang\u00e8re (FLE) \u00e0 vis\u00e9e professionnelle : d\u00e9veloppez vos comp\u00e9tences linguistiques pour r\u00e9ussir dans le monde du travail. Cours adapt\u00e9s, pratiques et orient\u00e9s m\u00e9tier !\",\"breadcrumb\":{\"@id\":\"https:\/\/www.illiade-formation.fr\/fr\/fle-visee-professionnelle\/#breadcrumb\"},\"inLanguage\":\"fr-FR\",\"potentialAction\":[{\"@type\":\"ReadAction\",\"target\":[\"https:\/\/www.illiade-formation.fr\/fr\/fle-visee-professionnelle\/\"]}]},{\"@type\":\"ImageObject\",\"inLanguage\":\"fr-FR\",\"@id\":\"https:\/\/www.illiade-formation.fr\/fr\/fle-visee-professionnelle\/#primaryimage\",\"url\":\"https:\/\/www.illiade-formation.fr\/fr\/wp-content\/uploads\/2025\/01\/3.png\",\"contentUrl\":\"https:\/\/www.illiade-formation.fr\/fr\/wp-content\/uploads\/2025\/01\/3.png\",\"width\":1200,\"height\":800},{\"@type\":\"BreadcrumbList\",\"@id\":\"https:\/\/www.illiade-formation.fr\/fr\/fle-visee-professionnelle\/#breadcrumb\",\"itemListElement\":[{\"@type\":\"ListItem\",\"position\":1,\"name\":\"Accueil\",\"item\":\"https:\/\/www.illiade-formation.fr\/fr\/\"},{\"@type\":\"ListItem\",\"position\":2,\"name\":\"FLE vis\u00e9e professionnelle\"}]},{\"@type\":\"WebSite\",\"@id\":\"https:\/\/www.illiade-formation.fr\/fr\/#website\",\"url\":\"https:\/\/www.illiade-formation.fr\/fr\/\",\"name\":\"Illiade Formation\",\"description\":\"Ensemble, allons plus loin\",\"publisher\":{\"@id\":\"https:\/\/www.illiade-formation.fr\/fr\/#organization\"},\"potentialAction\":[{\"@type\":\"SearchAction\",\"target\":{\"@type\":\"EntryPoint\",\"urlTemplate\":\"https:\/\/www.illiade-formation.fr\/fr\/?s={search_term_string}\"},\"query-input\":\"required name=search_term_string\"}],\"inLanguage\":\"fr-FR\"},{\"@type\":\"Organization\",\"@id\":\"https:\/\/www.illiade-formation.fr\/fr\/#organization\",\"name\":\"Illiade Formation\",\"url\":\"https:\/\/www.illiade-formation.fr\/fr\/\",\"logo\":{\"@type\":\"ImageObject\",\"inLanguage\":\"fr-FR\",\"@id\":\"https:\/\/www.illiade-formation.fr\/fr\/#\/schema\/logo\/image\/\",\"url\":\"https:\/\/www.illiade-formation.fr\/fr\/wp-content\/uploads\/2022\/06\/Logo-250px.png\",\"contentUrl\":\"https:\/\/www.illiade-formation.fr\/fr\/wp-content\/uploads\/2022\/06\/Logo-250px.png\",\"width\":250,\"height\":250,\"caption\":\"Illiade Formation\"},\"image\":{\"@id\":\"https:\/\/www.illiade-formation.fr\/fr\/#\/schema\/logo\/image\/\"},\"sameAs\":[\"https:\/\/www.facebook.com\/Illiadeformation42\",\"https:\/\/x.com\/illiadef\",\"https:\/\/www.instagram.com\/illiade_formation\/\"]},{\"@type\":\"Person\",\"@id\":\"https:\/\/www.illiade-formation.fr\/fr\/#\/schema\/person\/50349e199db0a9f637f312e9b3cc6ef1\",\"name\":\"Timoth\u00e9e LOUBIER LEBIHAN\",\"image\":{\"@type\":\"ImageObject\",\"inLanguage\":\"fr-FR\",\"@id\":\"https:\/\/www.illiade-formation.fr\/fr\/#\/schema\/person\/image\/\",\"url\":\"https:\/\/secure.gravatar.com\/avatar\/621299096325cc8ef148d5081b5f3ce943c95b852f41837570af1341a024f047?s=96&d=mm&r=g\",\"contentUrl\":\"https:\/\/secure.gravatar.com\/avatar\/621299096325cc8ef148d5081b5f3ce943c95b852f41837570af1341a024f047?s=96&d=mm&r=g\",\"caption\":\"Timoth\u00e9e LOUBIER LEBIHAN\"},\"url\":\"https:\/\/www.illiade-formation.fr\/fr\/author\/tloubier\/\"}]}<\/script>\n<!-- \/ Yoast SEO plugin. -->","yoast_head_json":{"title":"FLE vis\u00e9e professionnelle - Illiade Formation","description":"D\u00e9couvrez nos formations en Fran\u00e7ais Langue \u00c9trang\u00e8re (FLE) \u00e0 vis\u00e9e professionnelle : d\u00e9veloppez vos comp\u00e9tences linguistiques pour r\u00e9ussir dans le monde du travail. Cours adapt\u00e9s, pratiques et orient\u00e9s m\u00e9tier !","robots":{"index":"index","follow":"follow","max-snippet":"max-snippet:-1","max-image-preview":"max-image-preview:large","max-video-preview":"max-video-preview:-1"},"canonical":"https:\/\/www.illiade-formation.fr\/fr\/fle-visee-professionnelle\/","og_locale":"fr_FR","og_type":"article","og_title":"FLE vis\u00e9e professionnelle - Illiade Formation","og_description":"D\u00e9couvrez nos formations en Fran\u00e7ais Langue \u00c9trang\u00e8re (FLE) \u00e0 vis\u00e9e professionnelle : d\u00e9veloppez vos comp\u00e9tences linguistiques pour r\u00e9ussir dans le monde du travail. Cours adapt\u00e9s, pratiques et orient\u00e9s m\u00e9tier !","og_url":"https:\/\/www.illiade-formation.fr\/fr\/fle-visee-professionnelle\/","og_site_name":"Illiade Formation","article_publisher":"https:\/\/www.facebook.com\/Illiadeformation42","article_published_time":"2025-01-29T10:50:01+00:00","article_modified_time":"2025-07-17T06:41:41+00:00","og_image":[{"width":1200,"height":800,"url":"https:\/\/www.illiade-formation.fr\/fr\/wp-content\/uploads\/2023\/08\/Copie-de-Copie-de-Copie-de-Sans-titre.png","type":"image\/png"}],"author":"Timoth\u00e9e LOUBIER LEBIHAN","twitter_card":"summary_large_image","twitter_creator":"@illiadef","twitter_site":"@illiadef","twitter_misc":{"\u00c9crit par":"Timoth\u00e9e LOUBIER LEBIHAN","Dur\u00e9e de lecture estim\u00e9e":"1 minute"},"schema":{"@context":"https:\/\/schema.org","@graph":[{"@type":"Article","@id":"https:\/\/www.illiade-formation.fr\/fr\/fle-visee-professionnelle\/#article","isPartOf":{"@id":"https:\/\/www.illiade-formation.fr\/fr\/fle-visee-professionnelle\/"},"author":{"name":"Timoth\u00e9e LOUBIER LEBIHAN","@id":"https:\/\/www.illiade-formation.fr\/fr\/#\/schema\/person\/50349e199db0a9f637f312e9b3cc6ef1"},"headline":"FLE vis\u00e9e professionnelle","datePublished":"2025-01-29T10:50:01+00:00","dateModified":"2025-07-17T06:41:41+00:00","mainEntityOfPage":{"@id":"https:\/\/www.illiade-formation.fr\/fr\/fle-visee-professionnelle\/"},"wordCount":219,"publisher":{"@id":"https:\/\/www.illiade-formation.fr\/fr\/#organization"},"image":{"@id":"https:\/\/www.illiade-formation.fr\/fr\/fle-visee-professionnelle\/#primaryimage"},"thumbnailUrl":"https:\/\/www.illiade-formation.fr\/fr\/wp-content\/uploads\/2025\/01\/3.png","keywords":["conseiller","insertion","insertion professionnelle"],"articleSection":["Actualit\u00e9s","Nos Formations"],"inLanguage":"fr-FR"},{"@type":"WebPage","@id":"https:\/\/www.illiade-formation.fr\/fr\/fle-visee-professionnelle\/","url":"https:\/\/www.illiade-formation.fr\/fr\/fle-visee-professionnelle\/","name":"FLE vis\u00e9e professionnelle - Illiade Formation","isPartOf":{"@id":"https:\/\/www.illiade-formation.fr\/fr\/#website"},"primaryImageOfPage":{"@id":"https:\/\/www.illiade-formation.fr\/fr\/fle-visee-professionnelle\/#primaryimage"},"image":{"@id":"https:\/\/www.illiade-formation.fr\/fr\/fle-visee-professionnelle\/#primaryimage"},"thumbnailUrl":"https:\/\/www.illiade-formation.fr\/fr\/wp-content\/uploads\/2025\/01\/3.png","datePublished":"2025-01-29T10:50:01+00:00","dateModified":"2025-07-17T06:41:41+00:00","description":"D\u00e9couvrez nos formations en Fran\u00e7ais Langue \u00c9trang\u00e8re (FLE) \u00e0 vis\u00e9e professionnelle : d\u00e9veloppez vos comp\u00e9tences linguistiques pour r\u00e9ussir dans le monde du travail. Cours adapt\u00e9s, pratiques et orient\u00e9s m\u00e9tier !","breadcrumb":{"@id":"https:\/\/www.illiade-formation.fr\/fr\/fle-visee-professionnelle\/#breadcrumb"},"inLanguage":"fr-FR","potentialAction":[{"@type":"ReadAction","target":["https:\/\/www.illiade-formation.fr\/fr\/fle-visee-professionnelle\/"]}]},{"@type":"ImageObject","inLanguage":"fr-FR","@id":"https:\/\/www.illiade-formation.fr\/fr\/fle-visee-professionnelle\/#primaryimage","url":"https:\/\/www.illiade-formation.fr\/fr\/wp-content\/uploads\/2025\/01\/3.png","contentUrl":"https:\/\/www.illiade-formation.fr\/fr\/wp-content\/uploads\/2025\/01\/3.png","width":1200,"height":800},{"@type":"BreadcrumbList","@id":"https:\/\/www.illiade-formation.fr\/fr\/fle-visee-professionnelle\/#breadcrumb","itemListElement":[{"@type":"ListItem","position":1,"name":"Accueil","item":"https:\/\/www.illiade-formation.fr\/fr\/"},{"@type":"ListItem","position":2,"name":"FLE vis\u00e9e professionnelle"}]},{"@type":"WebSite","@id":"https:\/\/www.illiade-formation.fr\/fr\/#website","url":"https:\/\/www.illiade-formation.fr\/fr\/","name":"Illiade Formation","description":"Ensemble, allons plus loin","publisher":{"@id":"https:\/\/www.illiade-formation.fr\/fr\/#organization"},"potentialAction":[{"@type":"SearchAction","target":{"@type":"EntryPoint","urlTemplate":"https:\/\/www.illiade-formation.fr\/fr\/?s={search_term_string}"},"query-input":"required name=search_term_string"}],"inLanguage":"fr-FR"},{"@type":"Organization","@id":"https:\/\/www.illiade-formation.fr\/fr\/#organization","name":"Illiade Formation","url":"https:\/\/www.illiade-formation.fr\/fr\/","logo":{"@type":"ImageObject","inLanguage":"fr-FR","@id":"https:\/\/www.illiade-formation.fr\/fr\/#\/schema\/logo\/image\/","url":"https:\/\/www.illiade-formation.fr\/fr\/wp-content\/uploads\/2022\/06\/Logo-250px.png","contentUrl":"https:\/\/www.illiade-formation.fr\/fr\/wp-content\/uploads\/2022\/06\/Logo-250px.png","width":250,"height":250,"caption":"Illiade Formation"},"image":{"@id":"https:\/\/www.illiade-formation.fr\/fr\/#\/schema\/logo\/image\/"},"sameAs":["https:\/\/www.facebook.com\/Illiadeformation42","https:\/\/x.com\/illiadef","https:\/\/www.instagram.com\/illiade_formation\/"]},{"@type":"Person","@id":"https:\/\/www.illiade-formation.fr\/fr\/#\/schema\/person\/50349e199db0a9f637f312e9b3cc6ef1","name":"Timoth\u00e9e LOUBIER LEBIHAN","image":{"@type":"ImageObject","inLanguage":"fr-FR","@id":"https:\/\/www.illiade-formation.fr\/fr\/#\/schema\/person\/image\/","url":"https:\/\/secure.gravatar.com\/avatar\/621299096325cc8ef148d5081b5f3ce943c95b852f41837570af1341a024f047?s=96&d=mm&r=g","contentUrl":"https:\/\/secure.gravatar.com\/avatar\/621299096325cc8ef148d5081b5f3ce943c95b852f41837570af1341a024f047?s=96&d=mm&r=g","caption":"Timoth\u00e9e LOUBIER LEBIHAN"},"url":"https:\/\/www.illiade-formation.fr\/fr\/author\/tloubier\/"}]}},"_links":{"self":[{"href":"https:\/\/www.illiade-formation.fr\/fr\/wp-json\/wp\/v2\/posts\/6727","targetHints":{"allow":["GET"]}}],"collection":[{"href":"https:\/\/www.illiade-formation.fr\/fr\/wp-json\/wp\/v2\/posts"}],"about":[{"href":"https:\/\/www.illiade-formation.fr\/fr\/wp-json\/wp\/v2\/types\/post"}],"author":[{"embeddable":true,"href":"https:\/\/www.illiade-formation.fr\/fr\/wp-json\/wp\/v2\/users\/8"}],"replies":[{"embeddable":true,"href":"https:\/\/www.illiade-formation.fr\/fr\/wp-json\/wp\/v2\/comments?post=6727"}],"version-history":[{"count":1,"href":"https:\/\/www.illiade-formation.fr\/fr\/wp-json\/wp\/v2\/posts\/6727\/revisions"}],"predecessor-version":[{"id":6728,"href":"https:\/\/www.illiade-formation.fr\/fr\/wp-json\/wp\/v2\/posts\/6727\/revisions\/6728"}],"wp:featuredmedia":[{"embeddable":true,"href":"https:\/\/www.illiade-formation.fr\/fr\/wp-json\/wp\/v2\/media\/6746"}],"wp:attachment":[{"href":"https:\/\/www.illiade-formation.fr\/fr\/wp-json\/wp\/v2\/media?parent=6727"}],"wp:term":[{"taxonomy":"category","embeddable":true,"href":"https:\/\/www.illiade-formation.fr\/fr\/wp-json\/wp\/v2\/categories?post=6727"},{"taxonomy":"post_tag","embeddable":true,"href":"https:\/\/www.illiade-formation.fr\/fr\/wp-json\/wp\/v2\/tags?post=6727"}],"curies":[{"name":"wp","href":"https:\/\/api.w.org\/{rel}","templated":true}]}}