{"id":6758,"date":"2025-07-17T13:58:46","date_gmt":"2025-07-17T11:58:46","guid":{"rendered":"https:\/\/www.illiade-formation.fr\/fr\/?p=6758"},"modified":"2025-07-17T14:00:30","modified_gmt":"2025-07-17T12:00:30","slug":"%f0%9f%9a%80-lintelligence-artificielle-au-service-de-la-pedagogie-une-experience-signee-illiade-formation-%f0%9f%a7%a0%f0%9f%92%bb","status":"publish","type":"post","link":"https:\/\/www.illiade-formation.fr\/fr\/%f0%9f%9a%80-lintelligence-artificielle-au-service-de-la-pedagogie-une-experience-signee-illiade-formation-%f0%9f%a7%a0%f0%9f%92%bb\/","title":{"rendered":"\ud83d\ude80 L\u2019intelligence artificielle au service de la p\u00e9dagogie : une exp\u00e9rience sign\u00e9e Illiade Formation ! \ud83e\udde0\ud83d\udcbb"},"content":{"rendered":"\n<p>Nous sommes ravis d\u2019avoir contribu\u00e9 au plan de professionnalisation de Via Comp\u00e9tences avec l\u2019intervention de notre formateur expert <a href=\"https:\/\/www.linkedin.com\/in\/charles-pinchart-66a386266\/\"><\/a><a href=\"https:\/\/www.linkedin.com\/in\/ACoAAEEx-DIBgLZxrn2Vd8Nj9ZntJyg96Oxic4I\">Charles Pinchart<\/a> lors de l&rsquo;atelier :<br>\u2728 \u00ab Booster son impact p\u00e9dagogique avec l\u2019IA : de la conception \u00e0 la veille \u00bb<br><br>Un vrai moment d\u2019\u00e9change autour des enjeux actuels de la formation face aux mutations technologiques \ud83d\udca5 :<br><br>\u2705 Cr\u00e9er des contenus p\u00e9dagogiques percutants en quelques clics \u26a1<br>\u2705 Automatiser les t\u00e2ches r\u00e9p\u00e9titives pour se concentrer sur l\u2019essentiel \ud83e\udd16<br>\u2705 Personnaliser les parcours pour une meilleure exp\u00e9rience apprenant \ud83c\udfaf<br>\u2705 R\u00e9inventer vos animations avec plus d&rsquo;impact et d&rsquo;efficacit\u00e9 \ud83d\udcac\ud83d\udcca<br><br>Un immense merci \u00e0 <a href=\"https:\/\/www.linkedin.com\/company\/via-competences\/\">Via Comp\u00e9tences<\/a> pour leur confiance, et bravo aux professionnel\u00b7les pr\u00e9sents pour leur implication \ud83d\ude4c<br><br>\ud83c\udfa5 D\u00e9couvrez en vid\u00e9o les t\u00e9moignages et retours d\u2019exp\u00e9rience des formateurs et participants \u00e0 ce plan de professionnalisation<br><br><a href=\"https:\/\/lnkd.in\/drACC6-J\">https:\/\/lnkd.in\/drACC6-J<\/a><br><br><br><a href=\"https:\/\/www.linkedin.com\/search\/results\/all\/?keywords=%23ia&amp;origin=HASH_TAG_FROM_FEED\">hashtag#IA<\/a> <a href=\"https:\/\/www.linkedin.com\/search\/results\/all\/?keywords=%23formation&amp;origin=HASH_TAG_FROM_FEED\">hashtag#Formation<\/a> <a href=\"https:\/\/www.linkedin.com\/search\/results\/all\/?keywords=%23digitallearning&amp;origin=HASH_TAG_FROM_FEED\">hashtag#DigitalLearning<\/a> <a href=\"https:\/\/www.linkedin.com\/search\/results\/all\/?keywords=%23p%C3%A9dagogie&amp;origin=HASH_TAG_FROM_FEED\">hashtag#P\u00e9dagogie<\/a> <a href=\"https:\/\/www.linkedin.com\/search\/results\/all\/?keywords=%23innovationp%C3%A9dagogique&amp;origin=HASH_TAG_FROM_FEED\">hashtag#InnovationP\u00e9dagogique<\/a> <a href=\"https:\/\/www.linkedin.com\/search\/results\/all\/?keywords=%23illiadeformation&amp;origin=HASH_TAG_FROM_FEED\">hashtag#IlliadeFormation<\/a> <a href=\"https:\/\/www.linkedin.com\/search\/results\/all\/?keywords=%23charlespinchart&amp;origin=HASH_TAG_FROM_FEED\">hashtag#CharlesPinchart<\/a> <a href=\"https:\/\/www.linkedin.com\/search\/results\/all\/?keywords=%23viacomp%C3%A9tences&amp;origin=HASH_TAG_FROM_FEED\">hashtag#ViaComp\u00e9tences<\/a> <a href=\"https:\/\/www.linkedin.com\/search\/results\/all\/?keywords=%23formationprofessionnelle&amp;origin=HASH_TAG_FROM_FEED\">hashtag#FormationProfessionnelle<\/a> <a href=\"https:\/\/www.linkedin.com\/search\/results\/all\/?keywords=%23intelligenceartificielle&amp;origin=HASH_TAG_FROM_FEED\">hashtag#IntelligenceArtificielle<\/a> <a href=\"https:\/\/www.linkedin.com\/search\/results\/all\/?keywords=%23conceptionp%C3%A9dagogique&amp;origin=HASH_TAG_FROM_FEED\">hashtag#ConceptionP\u00e9dagogique<\/a> <a href=\"https:\/\/www.linkedin.com\/search\/results\/all\/?keywords=%23edtech&amp;origin=HASH_TAG_FROM_FEED\">hashtag#EdTech<\/a> <a href=\"https:\/\/www.linkedin.com\/search\/results\/all\/?keywords=%23automatisation&amp;origin=HASH_TAG_FROM_FEED\">hashtag#Automatisation<\/a> <a href=\"https:\/\/www.linkedin.com\/search\/results\/all\/?keywords=%23veillep%C3%A9dagogique&amp;origin=HASH_TAG_FROM_FEED\">hashtag#VeilleP\u00e9dagogique<\/a> <a href=\"https:\/\/www.linkedin.com\/search\/results\/all\/?keywords=%23accompagnement&amp;origin=HASH_TAG_FROM_FEED\">hashtag#Accompagnement<\/a> <a href=\"https:\/\/www.linkedin.com\/search\/results\/all\/?keywords=%23%C3%A9volutiondesm%C3%A9tiers&amp;origin=HASH_TAG_FROM_FEED\">hashtag#\u00c9volutionDesM\u00e9tiers<\/a><\/p>\n","protected":false},"excerpt":{"rendered":"<p>Nous sommes ravis d\u2019avoir contribu\u00e9 au plan de professionnalisation de Via Comp\u00e9tences avec l\u2019intervention de notre formateur expert Charles Pinchart lors de l&rsquo;atelier :\u2728 \u00ab Booster son impact p\u00e9dagogique avec l\u2019IA : de la conception \u00e0 la veille \u00bb Un vrai moment d\u2019\u00e9change autour des enjeux actuels de la formation face aux mutations technologiques \ud83d\udca5 [&hellip;]<\/p>\n","protected":false},"author":8,"featured_media":6787,"comment_status":"open","ping_status":"open","sticky":false,"template":"","format":"standard","meta":{"footnotes":""},"categories":[2],"tags":[],"class_list":["post-6758","post","type-post","status-publish","format-standard","has-post-thumbnail","hentry","category-actualites"],"yoast_head":"<!-- This site is optimized with the Yoast SEO plugin v23.0 - https:\/\/yoast.com\/wordpress\/plugins\/seo\/ -->\n<title>\ud83d\ude80 L\u2019intelligence artificielle au service de la p\u00e9dagogie : une exp\u00e9rience sign\u00e9e Illiade Formation ! \ud83e\udde0\ud83d\udcbb - Illiade Formation<\/title>\n<meta name=\"robots\" content=\"index, follow, max-snippet:-1, max-image-preview:large, max-video-preview:-1\" \/>\n<link rel=\"canonical\" href=\"https:\/\/www.illiade-formation.fr\/fr\/\ud83d\ude80-lintelligence-artificielle-au-service-de-la-pedagogie-une-experience-signee-illiade-formation-\ud83e\udde0\ud83d\udcbb\/\" \/>\n<meta property=\"og:locale\" content=\"fr_FR\" \/>\n<meta property=\"og:type\" content=\"article\" \/>\n<meta property=\"og:title\" content=\"\ud83d\ude80 L\u2019intelligence artificielle au service de la p\u00e9dagogie : une exp\u00e9rience sign\u00e9e Illiade Formation ! \ud83e\udde0\ud83d\udcbb - Illiade Formation\" \/>\n<meta property=\"og:description\" content=\"Nous sommes ravis d\u2019avoir contribu\u00e9 au plan de professionnalisation de Via Comp\u00e9tences avec l\u2019intervention de notre formateur expert Charles Pinchart lors de l&rsquo;atelier :\u2728 \u00ab Booster son impact p\u00e9dagogique avec l\u2019IA : de la conception \u00e0 la veille \u00bb Un vrai moment d\u2019\u00e9change autour des enjeux actuels de la formation face aux mutations technologiques \ud83d\udca5 [&hellip;]\" \/>\n<meta property=\"og:url\" content=\"https:\/\/www.illiade-formation.fr\/fr\/\ud83d\ude80-lintelligence-artificielle-au-service-de-la-pedagogie-une-experience-signee-illiade-formation-\ud83e\udde0\ud83d\udcbb\/\" \/>\n<meta property=\"og:site_name\" content=\"Illiade Formation\" \/>\n<meta property=\"article:publisher\" content=\"https:\/\/www.facebook.com\/Illiadeformation42\" \/>\n<meta property=\"article:published_time\" content=\"2025-07-17T11:58:46+00:00\" \/>\n<meta property=\"article:modified_time\" content=\"2025-07-17T12:00:30+00:00\" \/>\n<meta property=\"og:image\" content=\"https:\/\/www.illiade-formation.fr\/fr\/wp-content\/uploads\/2025\/07\/pexels-tara-winstead-8386440-scaled.jpg\" \/>\n\t<meta property=\"og:image:width\" content=\"2560\" \/>\n\t<meta property=\"og:image:height\" content=\"1707\" \/>\n\t<meta property=\"og:image:type\" content=\"image\/jpeg\" \/>\n<meta name=\"author\" content=\"Timoth\u00e9e LOUBIER LEBIHAN\" \/>\n<meta name=\"twitter:card\" content=\"summary_large_image\" \/>\n<meta name=\"twitter:creator\" content=\"@illiadef\" \/>\n<meta name=\"twitter:site\" content=\"@illiadef\" \/>\n<meta name=\"twitter:label1\" content=\"\u00c9crit par\" \/>\n\t<meta name=\"twitter:data1\" content=\"Timoth\u00e9e LOUBIER LEBIHAN\" \/>\n\t<meta name=\"twitter:label2\" content=\"Dur\u00e9e de lecture estim\u00e9e\" \/>\n\t<meta name=\"twitter:data2\" content=\"1 minute\" \/>\n<script type=\"application\/ld+json\" class=\"yoast-schema-graph\">{\"@context\":\"https:\/\/schema.org\",\"@graph\":[{\"@type\":\"Article\",\"@id\":\"https:\/\/www.illiade-formation.fr\/fr\/%f0%9f%9a%80-lintelligence-artificielle-au-service-de-la-pedagogie-une-experience-signee-illiade-formation-%f0%9f%a7%a0%f0%9f%92%bb\/#article\",\"isPartOf\":{\"@id\":\"https:\/\/www.illiade-formation.fr\/fr\/%f0%9f%9a%80-lintelligence-artificielle-au-service-de-la-pedagogie-une-experience-signee-illiade-formation-%f0%9f%a7%a0%f0%9f%92%bb\/\"},\"author\":{\"name\":\"Timoth\u00e9e LOUBIER LEBIHAN\",\"@id\":\"https:\/\/www.illiade-formation.fr\/fr\/#\/schema\/person\/50349e199db0a9f637f312e9b3cc6ef1\"},\"headline\":\"\ud83d\ude80 L\u2019intelligence artificielle au service de la p\u00e9dagogie : une exp\u00e9rience sign\u00e9e Illiade Formation ! \ud83e\udde0\ud83d\udcbb\",\"datePublished\":\"2025-07-17T11:58:46+00:00\",\"dateModified\":\"2025-07-17T12:00:30+00:00\",\"mainEntityOfPage\":{\"@id\":\"https:\/\/www.illiade-formation.fr\/fr\/%f0%9f%9a%80-lintelligence-artificielle-au-service-de-la-pedagogie-une-experience-signee-illiade-formation-%f0%9f%a7%a0%f0%9f%92%bb\/\"},\"wordCount\":195,\"commentCount\":0,\"publisher\":{\"@id\":\"https:\/\/www.illiade-formation.fr\/fr\/#organization\"},\"image\":{\"@id\":\"https:\/\/www.illiade-formation.fr\/fr\/%f0%9f%9a%80-lintelligence-artificielle-au-service-de-la-pedagogie-une-experience-signee-illiade-formation-%f0%9f%a7%a0%f0%9f%92%bb\/#primaryimage\"},\"thumbnailUrl\":\"https:\/\/www.illiade-formation.fr\/fr\/wp-content\/uploads\/2025\/07\/pexels-tara-winstead-8386440-scaled.jpg\",\"articleSection\":[\"Actualit\u00e9s\"],\"inLanguage\":\"fr-FR\",\"potentialAction\":[{\"@type\":\"CommentAction\",\"name\":\"Comment\",\"target\":[\"https:\/\/www.illiade-formation.fr\/fr\/%f0%9f%9a%80-lintelligence-artificielle-au-service-de-la-pedagogie-une-experience-signee-illiade-formation-%f0%9f%a7%a0%f0%9f%92%bb\/#respond\"]}]},{\"@type\":\"WebPage\",\"@id\":\"https:\/\/www.illiade-formation.fr\/fr\/%f0%9f%9a%80-lintelligence-artificielle-au-service-de-la-pedagogie-une-experience-signee-illiade-formation-%f0%9f%a7%a0%f0%9f%92%bb\/\",\"url\":\"https:\/\/www.illiade-formation.fr\/fr\/%f0%9f%9a%80-lintelligence-artificielle-au-service-de-la-pedagogie-une-experience-signee-illiade-formation-%f0%9f%a7%a0%f0%9f%92%bb\/\",\"name\":\"\ud83d\ude80 L\u2019intelligence artificielle au service de la p\u00e9dagogie : une exp\u00e9rience sign\u00e9e Illiade Formation ! \ud83e\udde0\ud83d\udcbb - Illiade Formation\",\"isPartOf\":{\"@id\":\"https:\/\/www.illiade-formation.fr\/fr\/#website\"},\"primaryImageOfPage\":{\"@id\":\"https:\/\/www.illiade-formation.fr\/fr\/%f0%9f%9a%80-lintelligence-artificielle-au-service-de-la-pedagogie-une-experience-signee-illiade-formation-%f0%9f%a7%a0%f0%9f%92%bb\/#primaryimage\"},\"image\":{\"@id\":\"https:\/\/www.illiade-formation.fr\/fr\/%f0%9f%9a%80-lintelligence-artificielle-au-service-de-la-pedagogie-une-experience-signee-illiade-formation-%f0%9f%a7%a0%f0%9f%92%bb\/#primaryimage\"},\"thumbnailUrl\":\"https:\/\/www.illiade-formation.fr\/fr\/wp-content\/uploads\/2025\/07\/pexels-tara-winstead-8386440-scaled.jpg\",\"datePublished\":\"2025-07-17T11:58:46+00:00\",\"dateModified\":\"2025-07-17T12:00:30+00:00\",\"breadcrumb\":{\"@id\":\"https:\/\/www.illiade-formation.fr\/fr\/%f0%9f%9a%80-lintelligence-artificielle-au-service-de-la-pedagogie-une-experience-signee-illiade-formation-%f0%9f%a7%a0%f0%9f%92%bb\/#breadcrumb\"},\"inLanguage\":\"fr-FR\",\"potentialAction\":[{\"@type\":\"ReadAction\",\"target\":[\"https:\/\/www.illiade-formation.fr\/fr\/%f0%9f%9a%80-lintelligence-artificielle-au-service-de-la-pedagogie-une-experience-signee-illiade-formation-%f0%9f%a7%a0%f0%9f%92%bb\/\"]}]},{\"@type\":\"ImageObject\",\"inLanguage\":\"fr-FR\",\"@id\":\"https:\/\/www.illiade-formation.fr\/fr\/%f0%9f%9a%80-lintelligence-artificielle-au-service-de-la-pedagogie-une-experience-signee-illiade-formation-%f0%9f%a7%a0%f0%9f%92%bb\/#primaryimage\",\"url\":\"https:\/\/www.illiade-formation.fr\/fr\/wp-content\/uploads\/2025\/07\/pexels-tara-winstead-8386440-scaled.jpg\",\"contentUrl\":\"https:\/\/www.illiade-formation.fr\/fr\/wp-content\/uploads\/2025\/07\/pexels-tara-winstead-8386440-scaled.jpg\",\"width\":2560,\"height\":1707},{\"@type\":\"BreadcrumbList\",\"@id\":\"https:\/\/www.illiade-formation.fr\/fr\/%f0%9f%9a%80-lintelligence-artificielle-au-service-de-la-pedagogie-une-experience-signee-illiade-formation-%f0%9f%a7%a0%f0%9f%92%bb\/#breadcrumb\",\"itemListElement\":[{\"@type\":\"ListItem\",\"position\":1,\"name\":\"Accueil\",\"item\":\"https:\/\/www.illiade-formation.fr\/fr\/\"},{\"@type\":\"ListItem\",\"position\":2,\"name\":\"\ud83d\ude80 L\u2019intelligence artificielle au service de la p\u00e9dagogie : une exp\u00e9rience sign\u00e9e Illiade Formation ! \ud83e\udde0\ud83d\udcbb\"}]},{\"@type\":\"WebSite\",\"@id\":\"https:\/\/www.illiade-formation.fr\/fr\/#website\",\"url\":\"https:\/\/www.illiade-formation.fr\/fr\/\",\"name\":\"Illiade Formation\",\"description\":\"Ensemble, allons plus loin\",\"publisher\":{\"@id\":\"https:\/\/www.illiade-formation.fr\/fr\/#organization\"},\"potentialAction\":[{\"@type\":\"SearchAction\",\"target\":{\"@type\":\"EntryPoint\",\"urlTemplate\":\"https:\/\/www.illiade-formation.fr\/fr\/?s={search_term_string}\"},\"query-input\":\"required name=search_term_string\"}],\"inLanguage\":\"fr-FR\"},{\"@type\":\"Organization\",\"@id\":\"https:\/\/www.illiade-formation.fr\/fr\/#organization\",\"name\":\"Illiade Formation\",\"url\":\"https:\/\/www.illiade-formation.fr\/fr\/\",\"logo\":{\"@type\":\"ImageObject\",\"inLanguage\":\"fr-FR\",\"@id\":\"https:\/\/www.illiade-formation.fr\/fr\/#\/schema\/logo\/image\/\",\"url\":\"https:\/\/www.illiade-formation.fr\/fr\/wp-content\/uploads\/2022\/06\/Logo-250px.png\",\"contentUrl\":\"https:\/\/www.illiade-formation.fr\/fr\/wp-content\/uploads\/2022\/06\/Logo-250px.png\",\"width\":250,\"height\":250,\"caption\":\"Illiade Formation\"},\"image\":{\"@id\":\"https:\/\/www.illiade-formation.fr\/fr\/#\/schema\/logo\/image\/\"},\"sameAs\":[\"https:\/\/www.facebook.com\/Illiadeformation42\",\"https:\/\/x.com\/illiadef\",\"https:\/\/www.instagram.com\/illiade_formation\/\"]},{\"@type\":\"Person\",\"@id\":\"https:\/\/www.illiade-formation.fr\/fr\/#\/schema\/person\/50349e199db0a9f637f312e9b3cc6ef1\",\"name\":\"Timoth\u00e9e LOUBIER LEBIHAN\",\"image\":{\"@type\":\"ImageObject\",\"inLanguage\":\"fr-FR\",\"@id\":\"https:\/\/www.illiade-formation.fr\/fr\/#\/schema\/person\/image\/\",\"url\":\"https:\/\/secure.gravatar.com\/avatar\/621299096325cc8ef148d5081b5f3ce943c95b852f41837570af1341a024f047?s=96&d=mm&r=g\",\"contentUrl\":\"https:\/\/secure.gravatar.com\/avatar\/621299096325cc8ef148d5081b5f3ce943c95b852f41837570af1341a024f047?s=96&d=mm&r=g\",\"caption\":\"Timoth\u00e9e LOUBIER LEBIHAN\"},\"url\":\"https:\/\/www.illiade-formation.fr\/fr\/author\/tloubier\/\"}]}<\/script>\n<!-- \/ Yoast SEO plugin. -->","yoast_head_json":{"title":"\ud83d\ude80 L\u2019intelligence artificielle au service de la p\u00e9dagogie : une exp\u00e9rience sign\u00e9e Illiade Formation ! \ud83e\udde0\ud83d\udcbb - Illiade Formation","robots":{"index":"index","follow":"follow","max-snippet":"max-snippet:-1","max-image-preview":"max-image-preview:large","max-video-preview":"max-video-preview:-1"},"canonical":"https:\/\/www.illiade-formation.fr\/fr\/\ud83d\ude80-lintelligence-artificielle-au-service-de-la-pedagogie-une-experience-signee-illiade-formation-\ud83e\udde0\ud83d\udcbb\/","og_locale":"fr_FR","og_type":"article","og_title":"\ud83d\ude80 L\u2019intelligence artificielle au service de la p\u00e9dagogie : une exp\u00e9rience sign\u00e9e Illiade Formation ! \ud83e\udde0\ud83d\udcbb - Illiade Formation","og_description":"Nous sommes ravis d\u2019avoir contribu\u00e9 au plan de professionnalisation de Via Comp\u00e9tences avec l\u2019intervention de notre formateur expert Charles Pinchart lors de l&rsquo;atelier :\u2728 \u00ab Booster son impact p\u00e9dagogique avec l\u2019IA : de la conception \u00e0 la veille \u00bb Un vrai moment d\u2019\u00e9change autour des enjeux actuels de la formation face aux mutations technologiques \ud83d\udca5 [&hellip;]","og_url":"https:\/\/www.illiade-formation.fr\/fr\/\ud83d\ude80-lintelligence-artificielle-au-service-de-la-pedagogie-une-experience-signee-illiade-formation-\ud83e\udde0\ud83d\udcbb\/","og_site_name":"Illiade Formation","article_publisher":"https:\/\/www.facebook.com\/Illiadeformation42","article_published_time":"2025-07-17T11:58:46+00:00","article_modified_time":"2025-07-17T12:00:30+00:00","og_image":[{"width":2560,"height":1707,"url":"https:\/\/www.illiade-formation.fr\/fr\/wp-content\/uploads\/2025\/07\/pexels-tara-winstead-8386440-scaled.jpg","type":"image\/jpeg"}],"author":"Timoth\u00e9e LOUBIER LEBIHAN","twitter_card":"summary_large_image","twitter_creator":"@illiadef","twitter_site":"@illiadef","twitter_misc":{"\u00c9crit par":"Timoth\u00e9e LOUBIER LEBIHAN","Dur\u00e9e de lecture estim\u00e9e":"1 minute"},"schema":{"@context":"https:\/\/schema.org","@graph":[{"@type":"Article","@id":"https:\/\/www.illiade-formation.fr\/fr\/%f0%9f%9a%80-lintelligence-artificielle-au-service-de-la-pedagogie-une-experience-signee-illiade-formation-%f0%9f%a7%a0%f0%9f%92%bb\/#article","isPartOf":{"@id":"https:\/\/www.illiade-formation.fr\/fr\/%f0%9f%9a%80-lintelligence-artificielle-au-service-de-la-pedagogie-une-experience-signee-illiade-formation-%f0%9f%a7%a0%f0%9f%92%bb\/"},"author":{"name":"Timoth\u00e9e LOUBIER LEBIHAN","@id":"https:\/\/www.illiade-formation.fr\/fr\/#\/schema\/person\/50349e199db0a9f637f312e9b3cc6ef1"},"headline":"\ud83d\ude80 L\u2019intelligence artificielle au service de la p\u00e9dagogie : une exp\u00e9rience sign\u00e9e Illiade Formation ! \ud83e\udde0\ud83d\udcbb","datePublished":"2025-07-17T11:58:46+00:00","dateModified":"2025-07-17T12:00:30+00:00","mainEntityOfPage":{"@id":"https:\/\/www.illiade-formation.fr\/fr\/%f0%9f%9a%80-lintelligence-artificielle-au-service-de-la-pedagogie-une-experience-signee-illiade-formation-%f0%9f%a7%a0%f0%9f%92%bb\/"},"wordCount":195,"commentCount":0,"publisher":{"@id":"https:\/\/www.illiade-formation.fr\/fr\/#organization"},"image":{"@id":"https:\/\/www.illiade-formation.fr\/fr\/%f0%9f%9a%80-lintelligence-artificielle-au-service-de-la-pedagogie-une-experience-signee-illiade-formation-%f0%9f%a7%a0%f0%9f%92%bb\/#primaryimage"},"thumbnailUrl":"https:\/\/www.illiade-formation.fr\/fr\/wp-content\/uploads\/2025\/07\/pexels-tara-winstead-8386440-scaled.jpg","articleSection":["Actualit\u00e9s"],"inLanguage":"fr-FR","potentialAction":[{"@type":"CommentAction","name":"Comment","target":["https:\/\/www.illiade-formation.fr\/fr\/%f0%9f%9a%80-lintelligence-artificielle-au-service-de-la-pedagogie-une-experience-signee-illiade-formation-%f0%9f%a7%a0%f0%9f%92%bb\/#respond"]}]},{"@type":"WebPage","@id":"https:\/\/www.illiade-formation.fr\/fr\/%f0%9f%9a%80-lintelligence-artificielle-au-service-de-la-pedagogie-une-experience-signee-illiade-formation-%f0%9f%a7%a0%f0%9f%92%bb\/","url":"https:\/\/www.illiade-formation.fr\/fr\/%f0%9f%9a%80-lintelligence-artificielle-au-service-de-la-pedagogie-une-experience-signee-illiade-formation-%f0%9f%a7%a0%f0%9f%92%bb\/","name":"\ud83d\ude80 L\u2019intelligence artificielle au service de la p\u00e9dagogie : une exp\u00e9rience sign\u00e9e Illiade Formation ! \ud83e\udde0\ud83d\udcbb - Illiade Formation","isPartOf":{"@id":"https:\/\/www.illiade-formation.fr\/fr\/#website"},"primaryImageOfPage":{"@id":"https:\/\/www.illiade-formation.fr\/fr\/%f0%9f%9a%80-lintelligence-artificielle-au-service-de-la-pedagogie-une-experience-signee-illiade-formation-%f0%9f%a7%a0%f0%9f%92%bb\/#primaryimage"},"image":{"@id":"https:\/\/www.illiade-formation.fr\/fr\/%f0%9f%9a%80-lintelligence-artificielle-au-service-de-la-pedagogie-une-experience-signee-illiade-formation-%f0%9f%a7%a0%f0%9f%92%bb\/#primaryimage"},"thumbnailUrl":"https:\/\/www.illiade-formation.fr\/fr\/wp-content\/uploads\/2025\/07\/pexels-tara-winstead-8386440-scaled.jpg","datePublished":"2025-07-17T11:58:46+00:00","dateModified":"2025-07-17T12:00:30+00:00","breadcrumb":{"@id":"https:\/\/www.illiade-formation.fr\/fr\/%f0%9f%9a%80-lintelligence-artificielle-au-service-de-la-pedagogie-une-experience-signee-illiade-formation-%f0%9f%a7%a0%f0%9f%92%bb\/#breadcrumb"},"inLanguage":"fr-FR","potentialAction":[{"@type":"ReadAction","target":["https:\/\/www.illiade-formation.fr\/fr\/%f0%9f%9a%80-lintelligence-artificielle-au-service-de-la-pedagogie-une-experience-signee-illiade-formation-%f0%9f%a7%a0%f0%9f%92%bb\/"]}]},{"@type":"ImageObject","inLanguage":"fr-FR","@id":"https:\/\/www.illiade-formation.fr\/fr\/%f0%9f%9a%80-lintelligence-artificielle-au-service-de-la-pedagogie-une-experience-signee-illiade-formation-%f0%9f%a7%a0%f0%9f%92%bb\/#primaryimage","url":"https:\/\/www.illiade-formation.fr\/fr\/wp-content\/uploads\/2025\/07\/pexels-tara-winstead-8386440-scaled.jpg","contentUrl":"https:\/\/www.illiade-formation.fr\/fr\/wp-content\/uploads\/2025\/07\/pexels-tara-winstead-8386440-scaled.jpg","width":2560,"height":1707},{"@type":"BreadcrumbList","@id":"https:\/\/www.illiade-formation.fr\/fr\/%f0%9f%9a%80-lintelligence-artificielle-au-service-de-la-pedagogie-une-experience-signee-illiade-formation-%f0%9f%a7%a0%f0%9f%92%bb\/#breadcrumb","itemListElement":[{"@type":"ListItem","position":1,"name":"Accueil","item":"https:\/\/www.illiade-formation.fr\/fr\/"},{"@type":"ListItem","position":2,"name":"\ud83d\ude80 L\u2019intelligence artificielle au service de la p\u00e9dagogie : une exp\u00e9rience sign\u00e9e Illiade Formation ! \ud83e\udde0\ud83d\udcbb"}]},{"@type":"WebSite","@id":"https:\/\/www.illiade-formation.fr\/fr\/#website","url":"https:\/\/www.illiade-formation.fr\/fr\/","name":"Illiade Formation","description":"Ensemble, allons plus loin","publisher":{"@id":"https:\/\/www.illiade-formation.fr\/fr\/#organization"},"potentialAction":[{"@type":"SearchAction","target":{"@type":"EntryPoint","urlTemplate":"https:\/\/www.illiade-formation.fr\/fr\/?s={search_term_string}"},"query-input":"required name=search_term_string"}],"inLanguage":"fr-FR"},{"@type":"Organization","@id":"https:\/\/www.illiade-formation.fr\/fr\/#organization","name":"Illiade Formation","url":"https:\/\/www.illiade-formation.fr\/fr\/","logo":{"@type":"ImageObject","inLanguage":"fr-FR","@id":"https:\/\/www.illiade-formation.fr\/fr\/#\/schema\/logo\/image\/","url":"https:\/\/www.illiade-formation.fr\/fr\/wp-content\/uploads\/2022\/06\/Logo-250px.png","contentUrl":"https:\/\/www.illiade-formation.fr\/fr\/wp-content\/uploads\/2022\/06\/Logo-250px.png","width":250,"height":250,"caption":"Illiade Formation"},"image":{"@id":"https:\/\/www.illiade-formation.fr\/fr\/#\/schema\/logo\/image\/"},"sameAs":["https:\/\/www.facebook.com\/Illiadeformation42","https:\/\/x.com\/illiadef","https:\/\/www.instagram.com\/illiade_formation\/"]},{"@type":"Person","@id":"https:\/\/www.illiade-formation.fr\/fr\/#\/schema\/person\/50349e199db0a9f637f312e9b3cc6ef1","name":"Timoth\u00e9e LOUBIER LEBIHAN","image":{"@type":"ImageObject","inLanguage":"fr-FR","@id":"https:\/\/www.illiade-formation.fr\/fr\/#\/schema\/person\/image\/","url":"https:\/\/secure.gravatar.com\/avatar\/621299096325cc8ef148d5081b5f3ce943c95b852f41837570af1341a024f047?s=96&d=mm&r=g","contentUrl":"https:\/\/secure.gravatar.com\/avatar\/621299096325cc8ef148d5081b5f3ce943c95b852f41837570af1341a024f047?s=96&d=mm&r=g","caption":"Timoth\u00e9e LOUBIER LEBIHAN"},"url":"https:\/\/www.illiade-formation.fr\/fr\/author\/tloubier\/"}]}},"_links":{"self":[{"href":"https:\/\/www.illiade-formation.fr\/fr\/wp-json\/wp\/v2\/posts\/6758","targetHints":{"allow":["GET"]}}],"collection":[{"href":"https:\/\/www.illiade-formation.fr\/fr\/wp-json\/wp\/v2\/posts"}],"about":[{"href":"https:\/\/www.illiade-formation.fr\/fr\/wp-json\/wp\/v2\/types\/post"}],"author":[{"embeddable":true,"href":"https:\/\/www.illiade-formation.fr\/fr\/wp-json\/wp\/v2\/users\/8"}],"replies":[{"embeddable":true,"href":"https:\/\/www.illiade-formation.fr\/fr\/wp-json\/wp\/v2\/comments?post=6758"}],"version-history":[{"count":1,"href":"https:\/\/www.illiade-formation.fr\/fr\/wp-json\/wp\/v2\/posts\/6758\/revisions"}],"predecessor-version":[{"id":6786,"href":"https:\/\/www.illiade-formation.fr\/fr\/wp-json\/wp\/v2\/posts\/6758\/revisions\/6786"}],"wp:featuredmedia":[{"embeddable":true,"href":"https:\/\/www.illiade-formation.fr\/fr\/wp-json\/wp\/v2\/media\/6787"}],"wp:attachment":[{"href":"https:\/\/www.illiade-formation.fr\/fr\/wp-json\/wp\/v2\/media?parent=6758"}],"wp:term":[{"taxonomy":"category","embeddable":true,"href":"https:\/\/www.illiade-formation.fr\/fr\/wp-json\/wp\/v2\/categories?post=6758"},{"taxonomy":"post_tag","embeddable":true,"href":"https:\/\/www.illiade-formation.fr\/fr\/wp-json\/wp\/v2\/tags?post=6758"}],"curies":[{"name":"wp","href":"https:\/\/api.w.org\/{rel}","templated":true}]}}