{"id":6788,"date":"2025-07-18T09:47:19","date_gmt":"2025-07-18T07:47:19","guid":{"rendered":"https:\/\/www.illiade-formation.fr\/fr\/?p=6788"},"modified":"2025-07-18T09:47:20","modified_gmt":"2025-07-18T07:47:20","slug":"acteurs-engages-initiatives-renouvelees-la-dynamique-pssm-se-poursuit-%e2%9c%a8%f0%9f%a4%9d","status":"publish","type":"post","link":"https:\/\/www.illiade-formation.fr\/fr\/acteurs-engages-initiatives-renouvelees-la-dynamique-pssm-se-poursuit-%e2%9c%a8%f0%9f%a4%9d\/","title":{"rendered":"Acteurs engag\u00e9s, initiatives renouvel\u00e9es : la dynamique PSSM se poursuit \u2728\ud83e\udd1d"},"content":{"rendered":"\n<p>Plusieurs sessions de formation PSSM Standard ont \u00e9t\u00e9 anim\u00e9es ces derni\u00e8res semaines par notre formateur accr\u00e9dit\u00e9 PSSM France, \u00e0 destination de participants venus d\u2019horizons vari\u00e9s du bassin st\u00e9phanois\u202f: sant\u00e9 \ud83c\udfe5, industrie \ud83c\udfed, associatif \ud83e\udd32, \u00e9ducation \ud83c\udf93\u2026<br>Chaque session a permis des \u00e9changes riches \ud83d\udcac et illustr\u00e9 un engagement fort pour la pr\u00e9vention en sant\u00e9 mentale \ud83e\udde0\ud83d\udc9a.<\/p>\n\n\n\n<p>Un immense merci \u00e0 toutes les entreprises et organisations de la Loire pour leur implication \ud83d\ude4f. Leur engagement permet de faire de cette ann\u00e9e de la sant\u00e9 mentale une r\u00e9ussite et de voir \u00e9merger de nouvelles initiatives inspirantes \ud83c\udf1f!<\/p>\n\n\n\n<h2 class=\"wp-block-heading\">Prochaines dates de formation PSSM Standard chez Illiade Formation \ud83d\udcc5<\/h2>\n\n\n\n<ul class=\"wp-block-list\">\n<li>6 &amp; 7 octobre 2025<\/li>\n\n\n\n<li>3 &amp; 4 novembre 2025<\/li>\n\n\n\n<li>8 &amp; 9 d\u00e9cembre 2025<\/li>\n<\/ul>\n\n\n\n<p><strong>Contactez-nous \ud83d\udcde au 04 77 10 00 22 ou \u00e0 \ud83d\udce7&nbsp;<a rel=\"noreferrer noopener\" target=\"_blank\" href=\"mailto:contact@illiade-formation.fr\">contact@illiade-formation.fr<\/a>&nbsp;pour plus d\u2019informations et pour vous inscrire.<\/strong><\/p>\n\n\n\n<p>#Sant\u00e9Mentale #Pr\u00e9vention #Formation #PSSM #IlliadeFormation #Loire #Bien\u00catre #Sant\u00e9AuTravail #Engagement #Solidarit\u00e9 #Accompagnement #Inclusion #Bienveillance #D\u00e9veloppementPersonnel #Professionnels #Collectif<\/p>\n","protected":false},"excerpt":{"rendered":"<p>Plusieurs sessions de formation PSSM Standard ont \u00e9t\u00e9 anim\u00e9es ces derni\u00e8res semaines par notre formateur accr\u00e9dit\u00e9 PSSM France, \u00e0 destination de participants venus d\u2019horizons vari\u00e9s du bassin st\u00e9phanois\u202f: sant\u00e9 \ud83c\udfe5, industrie \ud83c\udfed, associatif \ud83e\udd32, \u00e9ducation \ud83c\udf93\u2026Chaque session a permis des \u00e9changes riches \ud83d\udcac et illustr\u00e9 un engagement fort pour la pr\u00e9vention en sant\u00e9 mentale \ud83e\udde0\ud83d\udc9a. [&hellip;]<\/p>\n","protected":false},"author":8,"featured_media":6789,"comment_status":"open","ping_status":"open","sticky":false,"template":"","format":"standard","meta":{"footnotes":""},"categories":[2],"tags":[],"class_list":["post-6788","post","type-post","status-publish","format-standard","has-post-thumbnail","hentry","category-actualites"],"yoast_head":"<!-- This site is optimized with the Yoast SEO plugin v23.0 - https:\/\/yoast.com\/wordpress\/plugins\/seo\/ -->\n<title>Acteurs engag\u00e9s, initiatives renouvel\u00e9es : la dynamique PSSM se poursuit \u2728\ud83e\udd1d - Illiade Formation<\/title>\n<meta name=\"robots\" content=\"index, follow, max-snippet:-1, max-image-preview:large, max-video-preview:-1\" \/>\n<link rel=\"canonical\" href=\"https:\/\/www.illiade-formation.fr\/fr\/acteurs-engages-initiatives-renouvelees-la-dynamique-pssm-se-poursuit-\u2728\ud83e\udd1d\/\" \/>\n<meta property=\"og:locale\" content=\"fr_FR\" \/>\n<meta property=\"og:type\" content=\"article\" \/>\n<meta property=\"og:title\" content=\"Acteurs engag\u00e9s, initiatives renouvel\u00e9es : la dynamique PSSM se poursuit \u2728\ud83e\udd1d - Illiade Formation\" \/>\n<meta property=\"og:description\" content=\"Plusieurs sessions de formation PSSM Standard ont \u00e9t\u00e9 anim\u00e9es ces derni\u00e8res semaines par notre formateur accr\u00e9dit\u00e9 PSSM France, \u00e0 destination de participants venus d\u2019horizons vari\u00e9s du bassin st\u00e9phanois\u202f: sant\u00e9 \ud83c\udfe5, industrie \ud83c\udfed, associatif \ud83e\udd32, \u00e9ducation \ud83c\udf93\u2026Chaque session a permis des \u00e9changes riches \ud83d\udcac et illustr\u00e9 un engagement fort pour la pr\u00e9vention en sant\u00e9 mentale \ud83e\udde0\ud83d\udc9a. [&hellip;]\" \/>\n<meta property=\"og:url\" content=\"https:\/\/www.illiade-formation.fr\/fr\/acteurs-engages-initiatives-renouvelees-la-dynamique-pssm-se-poursuit-\u2728\ud83e\udd1d\/\" \/>\n<meta property=\"og:site_name\" content=\"Illiade Formation\" \/>\n<meta property=\"article:publisher\" content=\"https:\/\/www.facebook.com\/Illiadeformation42\" \/>\n<meta property=\"article:published_time\" content=\"2025-07-18T07:47:19+00:00\" \/>\n<meta property=\"article:modified_time\" content=\"2025-07-18T07:47:20+00:00\" \/>\n<meta property=\"og:image\" content=\"https:\/\/www.illiade-formation.fr\/fr\/wp-content\/uploads\/2025\/07\/Jaune-Illustre-5-mai-Instagram-Publication.png\" \/>\n\t<meta property=\"og:image:width\" content=\"1080\" \/>\n\t<meta property=\"og:image:height\" content=\"1080\" \/>\n\t<meta property=\"og:image:type\" content=\"image\/png\" \/>\n<meta name=\"author\" content=\"Timoth\u00e9e LOUBIER LEBIHAN\" \/>\n<meta name=\"twitter:card\" content=\"summary_large_image\" \/>\n<meta name=\"twitter:creator\" content=\"@illiadef\" \/>\n<meta name=\"twitter:site\" content=\"@illiadef\" \/>\n<meta name=\"twitter:label1\" content=\"\u00c9crit par\" \/>\n\t<meta name=\"twitter:data1\" content=\"Timoth\u00e9e LOUBIER LEBIHAN\" \/>\n\t<meta name=\"twitter:label2\" content=\"Dur\u00e9e de lecture estim\u00e9e\" \/>\n\t<meta name=\"twitter:data2\" content=\"1 minute\" \/>\n<script type=\"application\/ld+json\" class=\"yoast-schema-graph\">{\"@context\":\"https:\/\/schema.org\",\"@graph\":[{\"@type\":\"Article\",\"@id\":\"https:\/\/www.illiade-formation.fr\/fr\/acteurs-engages-initiatives-renouvelees-la-dynamique-pssm-se-poursuit-%e2%9c%a8%f0%9f%a4%9d\/#article\",\"isPartOf\":{\"@id\":\"https:\/\/www.illiade-formation.fr\/fr\/acteurs-engages-initiatives-renouvelees-la-dynamique-pssm-se-poursuit-%e2%9c%a8%f0%9f%a4%9d\/\"},\"author\":{\"name\":\"Timoth\u00e9e LOUBIER LEBIHAN\",\"@id\":\"https:\/\/www.illiade-formation.fr\/fr\/#\/schema\/person\/50349e199db0a9f637f312e9b3cc6ef1\"},\"headline\":\"Acteurs engag\u00e9s, initiatives renouvel\u00e9es : la dynamique PSSM se poursuit \u2728\ud83e\udd1d\",\"datePublished\":\"2025-07-18T07:47:19+00:00\",\"dateModified\":\"2025-07-18T07:47:20+00:00\",\"mainEntityOfPage\":{\"@id\":\"https:\/\/www.illiade-formation.fr\/fr\/acteurs-engages-initiatives-renouvelees-la-dynamique-pssm-se-poursuit-%e2%9c%a8%f0%9f%a4%9d\/\"},\"wordCount\":158,\"commentCount\":0,\"publisher\":{\"@id\":\"https:\/\/www.illiade-formation.fr\/fr\/#organization\"},\"image\":{\"@id\":\"https:\/\/www.illiade-formation.fr\/fr\/acteurs-engages-initiatives-renouvelees-la-dynamique-pssm-se-poursuit-%e2%9c%a8%f0%9f%a4%9d\/#primaryimage\"},\"thumbnailUrl\":\"https:\/\/www.illiade-formation.fr\/fr\/wp-content\/uploads\/2025\/07\/Jaune-Illustre-5-mai-Instagram-Publication.png\",\"articleSection\":[\"Actualit\u00e9s\"],\"inLanguage\":\"fr-FR\",\"potentialAction\":[{\"@type\":\"CommentAction\",\"name\":\"Comment\",\"target\":[\"https:\/\/www.illiade-formation.fr\/fr\/acteurs-engages-initiatives-renouvelees-la-dynamique-pssm-se-poursuit-%e2%9c%a8%f0%9f%a4%9d\/#respond\"]}]},{\"@type\":\"WebPage\",\"@id\":\"https:\/\/www.illiade-formation.fr\/fr\/acteurs-engages-initiatives-renouvelees-la-dynamique-pssm-se-poursuit-%e2%9c%a8%f0%9f%a4%9d\/\",\"url\":\"https:\/\/www.illiade-formation.fr\/fr\/acteurs-engages-initiatives-renouvelees-la-dynamique-pssm-se-poursuit-%e2%9c%a8%f0%9f%a4%9d\/\",\"name\":\"Acteurs engag\u00e9s, initiatives renouvel\u00e9es : la dynamique PSSM se poursuit \u2728\ud83e\udd1d - Illiade Formation\",\"isPartOf\":{\"@id\":\"https:\/\/www.illiade-formation.fr\/fr\/#website\"},\"primaryImageOfPage\":{\"@id\":\"https:\/\/www.illiade-formation.fr\/fr\/acteurs-engages-initiatives-renouvelees-la-dynamique-pssm-se-poursuit-%e2%9c%a8%f0%9f%a4%9d\/#primaryimage\"},\"image\":{\"@id\":\"https:\/\/www.illiade-formation.fr\/fr\/acteurs-engages-initiatives-renouvelees-la-dynamique-pssm-se-poursuit-%e2%9c%a8%f0%9f%a4%9d\/#primaryimage\"},\"thumbnailUrl\":\"https:\/\/www.illiade-formation.fr\/fr\/wp-content\/uploads\/2025\/07\/Jaune-Illustre-5-mai-Instagram-Publication.png\",\"datePublished\":\"2025-07-18T07:47:19+00:00\",\"dateModified\":\"2025-07-18T07:47:20+00:00\",\"breadcrumb\":{\"@id\":\"https:\/\/www.illiade-formation.fr\/fr\/acteurs-engages-initiatives-renouvelees-la-dynamique-pssm-se-poursuit-%e2%9c%a8%f0%9f%a4%9d\/#breadcrumb\"},\"inLanguage\":\"fr-FR\",\"potentialAction\":[{\"@type\":\"ReadAction\",\"target\":[\"https:\/\/www.illiade-formation.fr\/fr\/acteurs-engages-initiatives-renouvelees-la-dynamique-pssm-se-poursuit-%e2%9c%a8%f0%9f%a4%9d\/\"]}]},{\"@type\":\"ImageObject\",\"inLanguage\":\"fr-FR\",\"@id\":\"https:\/\/www.illiade-formation.fr\/fr\/acteurs-engages-initiatives-renouvelees-la-dynamique-pssm-se-poursuit-%e2%9c%a8%f0%9f%a4%9d\/#primaryimage\",\"url\":\"https:\/\/www.illiade-formation.fr\/fr\/wp-content\/uploads\/2025\/07\/Jaune-Illustre-5-mai-Instagram-Publication.png\",\"contentUrl\":\"https:\/\/www.illiade-formation.fr\/fr\/wp-content\/uploads\/2025\/07\/Jaune-Illustre-5-mai-Instagram-Publication.png\",\"width\":1080,\"height\":1080},{\"@type\":\"BreadcrumbList\",\"@id\":\"https:\/\/www.illiade-formation.fr\/fr\/acteurs-engages-initiatives-renouvelees-la-dynamique-pssm-se-poursuit-%e2%9c%a8%f0%9f%a4%9d\/#breadcrumb\",\"itemListElement\":[{\"@type\":\"ListItem\",\"position\":1,\"name\":\"Accueil\",\"item\":\"https:\/\/www.illiade-formation.fr\/fr\/\"},{\"@type\":\"ListItem\",\"position\":2,\"name\":\"Acteurs engag\u00e9s, initiatives renouvel\u00e9es : la dynamique PSSM se poursuit \u2728\ud83e\udd1d\"}]},{\"@type\":\"WebSite\",\"@id\":\"https:\/\/www.illiade-formation.fr\/fr\/#website\",\"url\":\"https:\/\/www.illiade-formation.fr\/fr\/\",\"name\":\"Illiade Formation\",\"description\":\"Ensemble, allons plus loin\",\"publisher\":{\"@id\":\"https:\/\/www.illiade-formation.fr\/fr\/#organization\"},\"potentialAction\":[{\"@type\":\"SearchAction\",\"target\":{\"@type\":\"EntryPoint\",\"urlTemplate\":\"https:\/\/www.illiade-formation.fr\/fr\/?s={search_term_string}\"},\"query-input\":\"required name=search_term_string\"}],\"inLanguage\":\"fr-FR\"},{\"@type\":\"Organization\",\"@id\":\"https:\/\/www.illiade-formation.fr\/fr\/#organization\",\"name\":\"Illiade Formation\",\"url\":\"https:\/\/www.illiade-formation.fr\/fr\/\",\"logo\":{\"@type\":\"ImageObject\",\"inLanguage\":\"fr-FR\",\"@id\":\"https:\/\/www.illiade-formation.fr\/fr\/#\/schema\/logo\/image\/\",\"url\":\"https:\/\/www.illiade-formation.fr\/fr\/wp-content\/uploads\/2022\/06\/Logo-250px.png\",\"contentUrl\":\"https:\/\/www.illiade-formation.fr\/fr\/wp-content\/uploads\/2022\/06\/Logo-250px.png\",\"width\":250,\"height\":250,\"caption\":\"Illiade Formation\"},\"image\":{\"@id\":\"https:\/\/www.illiade-formation.fr\/fr\/#\/schema\/logo\/image\/\"},\"sameAs\":[\"https:\/\/www.facebook.com\/Illiadeformation42\",\"https:\/\/x.com\/illiadef\",\"https:\/\/www.instagram.com\/illiade_formation\/\"]},{\"@type\":\"Person\",\"@id\":\"https:\/\/www.illiade-formation.fr\/fr\/#\/schema\/person\/50349e199db0a9f637f312e9b3cc6ef1\",\"name\":\"Timoth\u00e9e LOUBIER LEBIHAN\",\"image\":{\"@type\":\"ImageObject\",\"inLanguage\":\"fr-FR\",\"@id\":\"https:\/\/www.illiade-formation.fr\/fr\/#\/schema\/person\/image\/\",\"url\":\"https:\/\/secure.gravatar.com\/avatar\/621299096325cc8ef148d5081b5f3ce943c95b852f41837570af1341a024f047?s=96&d=mm&r=g\",\"contentUrl\":\"https:\/\/secure.gravatar.com\/avatar\/621299096325cc8ef148d5081b5f3ce943c95b852f41837570af1341a024f047?s=96&d=mm&r=g\",\"caption\":\"Timoth\u00e9e LOUBIER LEBIHAN\"},\"url\":\"https:\/\/www.illiade-formation.fr\/fr\/author\/tloubier\/\"}]}<\/script>\n<!-- \/ Yoast SEO plugin. -->","yoast_head_json":{"title":"Acteurs engag\u00e9s, initiatives renouvel\u00e9es : la dynamique PSSM se poursuit \u2728\ud83e\udd1d - Illiade Formation","robots":{"index":"index","follow":"follow","max-snippet":"max-snippet:-1","max-image-preview":"max-image-preview:large","max-video-preview":"max-video-preview:-1"},"canonical":"https:\/\/www.illiade-formation.fr\/fr\/acteurs-engages-initiatives-renouvelees-la-dynamique-pssm-se-poursuit-\u2728\ud83e\udd1d\/","og_locale":"fr_FR","og_type":"article","og_title":"Acteurs engag\u00e9s, initiatives renouvel\u00e9es : la dynamique PSSM se poursuit \u2728\ud83e\udd1d - Illiade Formation","og_description":"Plusieurs sessions de formation PSSM Standard ont \u00e9t\u00e9 anim\u00e9es ces derni\u00e8res semaines par notre formateur accr\u00e9dit\u00e9 PSSM France, \u00e0 destination de participants venus d\u2019horizons vari\u00e9s du bassin st\u00e9phanois\u202f: sant\u00e9 \ud83c\udfe5, industrie \ud83c\udfed, associatif \ud83e\udd32, \u00e9ducation \ud83c\udf93\u2026Chaque session a permis des \u00e9changes riches \ud83d\udcac et illustr\u00e9 un engagement fort pour la pr\u00e9vention en sant\u00e9 mentale \ud83e\udde0\ud83d\udc9a. [&hellip;]","og_url":"https:\/\/www.illiade-formation.fr\/fr\/acteurs-engages-initiatives-renouvelees-la-dynamique-pssm-se-poursuit-\u2728\ud83e\udd1d\/","og_site_name":"Illiade Formation","article_publisher":"https:\/\/www.facebook.com\/Illiadeformation42","article_published_time":"2025-07-18T07:47:19+00:00","article_modified_time":"2025-07-18T07:47:20+00:00","og_image":[{"width":1080,"height":1080,"url":"https:\/\/www.illiade-formation.fr\/fr\/wp-content\/uploads\/2025\/07\/Jaune-Illustre-5-mai-Instagram-Publication.png","type":"image\/png"}],"author":"Timoth\u00e9e LOUBIER LEBIHAN","twitter_card":"summary_large_image","twitter_creator":"@illiadef","twitter_site":"@illiadef","twitter_misc":{"\u00c9crit par":"Timoth\u00e9e LOUBIER LEBIHAN","Dur\u00e9e de lecture estim\u00e9e":"1 minute"},"schema":{"@context":"https:\/\/schema.org","@graph":[{"@type":"Article","@id":"https:\/\/www.illiade-formation.fr\/fr\/acteurs-engages-initiatives-renouvelees-la-dynamique-pssm-se-poursuit-%e2%9c%a8%f0%9f%a4%9d\/#article","isPartOf":{"@id":"https:\/\/www.illiade-formation.fr\/fr\/acteurs-engages-initiatives-renouvelees-la-dynamique-pssm-se-poursuit-%e2%9c%a8%f0%9f%a4%9d\/"},"author":{"name":"Timoth\u00e9e LOUBIER LEBIHAN","@id":"https:\/\/www.illiade-formation.fr\/fr\/#\/schema\/person\/50349e199db0a9f637f312e9b3cc6ef1"},"headline":"Acteurs engag\u00e9s, initiatives renouvel\u00e9es : la dynamique PSSM se poursuit \u2728\ud83e\udd1d","datePublished":"2025-07-18T07:47:19+00:00","dateModified":"2025-07-18T07:47:20+00:00","mainEntityOfPage":{"@id":"https:\/\/www.illiade-formation.fr\/fr\/acteurs-engages-initiatives-renouvelees-la-dynamique-pssm-se-poursuit-%e2%9c%a8%f0%9f%a4%9d\/"},"wordCount":158,"commentCount":0,"publisher":{"@id":"https:\/\/www.illiade-formation.fr\/fr\/#organization"},"image":{"@id":"https:\/\/www.illiade-formation.fr\/fr\/acteurs-engages-initiatives-renouvelees-la-dynamique-pssm-se-poursuit-%e2%9c%a8%f0%9f%a4%9d\/#primaryimage"},"thumbnailUrl":"https:\/\/www.illiade-formation.fr\/fr\/wp-content\/uploads\/2025\/07\/Jaune-Illustre-5-mai-Instagram-Publication.png","articleSection":["Actualit\u00e9s"],"inLanguage":"fr-FR","potentialAction":[{"@type":"CommentAction","name":"Comment","target":["https:\/\/www.illiade-formation.fr\/fr\/acteurs-engages-initiatives-renouvelees-la-dynamique-pssm-se-poursuit-%e2%9c%a8%f0%9f%a4%9d\/#respond"]}]},{"@type":"WebPage","@id":"https:\/\/www.illiade-formation.fr\/fr\/acteurs-engages-initiatives-renouvelees-la-dynamique-pssm-se-poursuit-%e2%9c%a8%f0%9f%a4%9d\/","url":"https:\/\/www.illiade-formation.fr\/fr\/acteurs-engages-initiatives-renouvelees-la-dynamique-pssm-se-poursuit-%e2%9c%a8%f0%9f%a4%9d\/","name":"Acteurs engag\u00e9s, initiatives renouvel\u00e9es : la dynamique PSSM se poursuit \u2728\ud83e\udd1d - Illiade Formation","isPartOf":{"@id":"https:\/\/www.illiade-formation.fr\/fr\/#website"},"primaryImageOfPage":{"@id":"https:\/\/www.illiade-formation.fr\/fr\/acteurs-engages-initiatives-renouvelees-la-dynamique-pssm-se-poursuit-%e2%9c%a8%f0%9f%a4%9d\/#primaryimage"},"image":{"@id":"https:\/\/www.illiade-formation.fr\/fr\/acteurs-engages-initiatives-renouvelees-la-dynamique-pssm-se-poursuit-%e2%9c%a8%f0%9f%a4%9d\/#primaryimage"},"thumbnailUrl":"https:\/\/www.illiade-formation.fr\/fr\/wp-content\/uploads\/2025\/07\/Jaune-Illustre-5-mai-Instagram-Publication.png","datePublished":"2025-07-18T07:47:19+00:00","dateModified":"2025-07-18T07:47:20+00:00","breadcrumb":{"@id":"https:\/\/www.illiade-formation.fr\/fr\/acteurs-engages-initiatives-renouvelees-la-dynamique-pssm-se-poursuit-%e2%9c%a8%f0%9f%a4%9d\/#breadcrumb"},"inLanguage":"fr-FR","potentialAction":[{"@type":"ReadAction","target":["https:\/\/www.illiade-formation.fr\/fr\/acteurs-engages-initiatives-renouvelees-la-dynamique-pssm-se-poursuit-%e2%9c%a8%f0%9f%a4%9d\/"]}]},{"@type":"ImageObject","inLanguage":"fr-FR","@id":"https:\/\/www.illiade-formation.fr\/fr\/acteurs-engages-initiatives-renouvelees-la-dynamique-pssm-se-poursuit-%e2%9c%a8%f0%9f%a4%9d\/#primaryimage","url":"https:\/\/www.illiade-formation.fr\/fr\/wp-content\/uploads\/2025\/07\/Jaune-Illustre-5-mai-Instagram-Publication.png","contentUrl":"https:\/\/www.illiade-formation.fr\/fr\/wp-content\/uploads\/2025\/07\/Jaune-Illustre-5-mai-Instagram-Publication.png","width":1080,"height":1080},{"@type":"BreadcrumbList","@id":"https:\/\/www.illiade-formation.fr\/fr\/acteurs-engages-initiatives-renouvelees-la-dynamique-pssm-se-poursuit-%e2%9c%a8%f0%9f%a4%9d\/#breadcrumb","itemListElement":[{"@type":"ListItem","position":1,"name":"Accueil","item":"https:\/\/www.illiade-formation.fr\/fr\/"},{"@type":"ListItem","position":2,"name":"Acteurs engag\u00e9s, initiatives renouvel\u00e9es : la dynamique PSSM se poursuit \u2728\ud83e\udd1d"}]},{"@type":"WebSite","@id":"https:\/\/www.illiade-formation.fr\/fr\/#website","url":"https:\/\/www.illiade-formation.fr\/fr\/","name":"Illiade Formation","description":"Ensemble, allons plus loin","publisher":{"@id":"https:\/\/www.illiade-formation.fr\/fr\/#organization"},"potentialAction":[{"@type":"SearchAction","target":{"@type":"EntryPoint","urlTemplate":"https:\/\/www.illiade-formation.fr\/fr\/?s={search_term_string}"},"query-input":"required name=search_term_string"}],"inLanguage":"fr-FR"},{"@type":"Organization","@id":"https:\/\/www.illiade-formation.fr\/fr\/#organization","name":"Illiade Formation","url":"https:\/\/www.illiade-formation.fr\/fr\/","logo":{"@type":"ImageObject","inLanguage":"fr-FR","@id":"https:\/\/www.illiade-formation.fr\/fr\/#\/schema\/logo\/image\/","url":"https:\/\/www.illiade-formation.fr\/fr\/wp-content\/uploads\/2022\/06\/Logo-250px.png","contentUrl":"https:\/\/www.illiade-formation.fr\/fr\/wp-content\/uploads\/2022\/06\/Logo-250px.png","width":250,"height":250,"caption":"Illiade Formation"},"image":{"@id":"https:\/\/www.illiade-formation.fr\/fr\/#\/schema\/logo\/image\/"},"sameAs":["https:\/\/www.facebook.com\/Illiadeformation42","https:\/\/x.com\/illiadef","https:\/\/www.instagram.com\/illiade_formation\/"]},{"@type":"Person","@id":"https:\/\/www.illiade-formation.fr\/fr\/#\/schema\/person\/50349e199db0a9f637f312e9b3cc6ef1","name":"Timoth\u00e9e LOUBIER LEBIHAN","image":{"@type":"ImageObject","inLanguage":"fr-FR","@id":"https:\/\/www.illiade-formation.fr\/fr\/#\/schema\/person\/image\/","url":"https:\/\/secure.gravatar.com\/avatar\/621299096325cc8ef148d5081b5f3ce943c95b852f41837570af1341a024f047?s=96&d=mm&r=g","contentUrl":"https:\/\/secure.gravatar.com\/avatar\/621299096325cc8ef148d5081b5f3ce943c95b852f41837570af1341a024f047?s=96&d=mm&r=g","caption":"Timoth\u00e9e LOUBIER LEBIHAN"},"url":"https:\/\/www.illiade-formation.fr\/fr\/author\/tloubier\/"}]}},"_links":{"self":[{"href":"https:\/\/www.illiade-formation.fr\/fr\/wp-json\/wp\/v2\/posts\/6788","targetHints":{"allow":["GET"]}}],"collection":[{"href":"https:\/\/www.illiade-formation.fr\/fr\/wp-json\/wp\/v2\/posts"}],"about":[{"href":"https:\/\/www.illiade-formation.fr\/fr\/wp-json\/wp\/v2\/types\/post"}],"author":[{"embeddable":true,"href":"https:\/\/www.illiade-formation.fr\/fr\/wp-json\/wp\/v2\/users\/8"}],"replies":[{"embeddable":true,"href":"https:\/\/www.illiade-formation.fr\/fr\/wp-json\/wp\/v2\/comments?post=6788"}],"version-history":[{"count":1,"href":"https:\/\/www.illiade-formation.fr\/fr\/wp-json\/wp\/v2\/posts\/6788\/revisions"}],"predecessor-version":[{"id":6790,"href":"https:\/\/www.illiade-formation.fr\/fr\/wp-json\/wp\/v2\/posts\/6788\/revisions\/6790"}],"wp:featuredmedia":[{"embeddable":true,"href":"https:\/\/www.illiade-formation.fr\/fr\/wp-json\/wp\/v2\/media\/6789"}],"wp:attachment":[{"href":"https:\/\/www.illiade-formation.fr\/fr\/wp-json\/wp\/v2\/media?parent=6788"}],"wp:term":[{"taxonomy":"category","embeddable":true,"href":"https:\/\/www.illiade-formation.fr\/fr\/wp-json\/wp\/v2\/categories?post=6788"},{"taxonomy":"post_tag","embeddable":true,"href":"https:\/\/www.illiade-formation.fr\/fr\/wp-json\/wp\/v2\/tags?post=6788"}],"curies":[{"name":"wp","href":"https:\/\/api.w.org\/{rel}","templated":true}]}}