{"id":6819,"date":"2025-07-22T11:48:54","date_gmt":"2025-07-22T09:48:54","guid":{"rendered":"https:\/\/www.illiade-formation.fr\/fr\/?p=6819"},"modified":"2025-07-22T11:48:54","modified_gmt":"2025-07-22T09:48:54","slug":"%f0%9f%9a%80-sengager-et-co-construire-illiade-formation-a-lassemblee-generale-de-lurof-aura","status":"publish","type":"post","link":"https:\/\/www.illiade-formation.fr\/fr\/%f0%9f%9a%80-sengager-et-co-construire-illiade-formation-a-lassemblee-generale-de-lurof-aura\/","title":{"rendered":"\ud83d\ude80 S&rsquo;engager et co-construire : Illiade Formation \u00e0 l&rsquo;Assembl\u00e9e G\u00e9n\u00e9rale de l&rsquo;UROF AuRA"},"content":{"rendered":"\n<p>Le 18 juillet, \u00e0 Lyon, lors de l&rsquo;Assembl\u00e9e G\u00e9n\u00e9rale de l&rsquo;UROF Auvergne Rh\u00f4ne-Alpes, notre directeur adjoint Cyril Montet a repr\u00e9sent\u00e9 Illiade Formation pour une journ\u00e9e riche en \u00e9changes, en co-construction et en perspectives autour des enjeux du secteur.<br><br>\ud83d\udd0e Temps forts de la journ\u00e9e :<br>\u2022 Ouverture par Jeanine Chapot, pr\u00e9sidente de l&rsquo;UROF AuRA.<br>\u2022 Interventions de Jacques Alex Dorliat (directeur r\u00e9gional adjoint France Travail AuRA) et Marina Verbaere (responsable du service formation \u00e0 la direction r\u00e9gionale) sur l&rsquo;actualit\u00e9 du secteur, les \u00e9volutions \u00e0 venir et la mise en \u0153uvre de la loi Plein Emploi .<br>\u2022 Des ateliers participatifs anim\u00e9s par B\u00e9atrice Bocquet (Elycoop) o\u00f9 les participants ont pu:<br>\ud83d\udd39 d\u00e9finir l&rsquo;ADN de l&rsquo;UROF : son r\u00f4le f\u00e9d\u00e9rateur, l&rsquo;entraide entre structures, la d\u00e9fense de nos int\u00e9r\u00eats collectifs ;<br>\ud83d\udd39 \u00e9changez sur les valeurs partag\u00e9es, les bonnes pratiques et ce que l&rsquo;UROF apporte tr\u00e8s concr\u00e8tement aux organismes de formation.<br><br>Ces ateliers ont permis de red\u00e9finir ensemble le r\u00f4le de l&rsquo;UROF , ce qu&rsquo;il repr\u00e9sente pour ses membres, et sa valeur ajout\u00e9e pour les organismes de formation : entraide, veille collective, repr\u00e9sentativit\u00e9, et vision partag\u00e9e du m\u00e9tier.<br><br>\ud83d\udcac Une prise de parole marquante de Marie Carles (SAFORE) est venue rappeler les enjeux actuels, notamment les difficult\u00e9s rencontr\u00e9es par certains organismes de formation, soulignant l&rsquo;importance de rester soud\u00e9s et engag\u00e9s.<br>Un grand merci \u00e0 l&rsquo;\u00e9quipe de l&rsquo;UROF AuRA, \u00e0 France Travail, \u00e0 tous les intervenants et participants pour cette journ\u00e9e constructive et porteuse de sens \ud83d\udc4f\ud83e\udd17.<br><br><a href=\"https:\/\/www.linkedin.com\/search\/results\/all\/?keywords=%23formationprofessionnelle&amp;origin=HASH_TAG_FROM_FEED\">hashtag#FormationProfessionnelle<\/a> <a href=\"https:\/\/www.linkedin.com\/search\/results\/all\/?keywords=%23iliadeformation&amp;origin=HASH_TAG_FROM_FEED\">hashtag#IliadeFormation<\/a> <a href=\"https:\/\/www.linkedin.com\/search\/results\/all\/?keywords=%23urofaura&amp;origin=HASH_TAG_FROM_FEED\">hashtag#UROFAuRA<\/a> <a href=\"https:\/\/www.linkedin.com\/search\/results\/all\/?keywords=%23francetravail&amp;origin=HASH_TAG_FROM_FEED\">hashtag#FranceTravail<\/a> <a href=\"https:\/\/www.linkedin.com\/search\/results\/all\/?keywords=%23loipleinemploi&amp;origin=HASH_TAG_FROM_FEED\">hashtag#LoiPleinEmploi<\/a> <a href=\"https:\/\/www.linkedin.com\/search\/results\/all\/?keywords=%23organismesdeformation&amp;origin=HASH_TAG_FROM_FEED\">hashtag#OrganismesDeFormation<\/a> <a href=\"https:\/\/www.linkedin.com\/search\/results\/all\/?keywords=%23r%C3%A9seau&amp;origin=HASH_TAG_FROM_FEED\">hashtag#R\u00e9seau<\/a> <a href=\"https:\/\/www.linkedin.com\/search\/results\/all\/?keywords=%23engagementcollectif&amp;origin=HASH_TAG_FROM_FEED\">hashtag#EngagementCollectif<\/a> <a href=\"https:\/\/www.linkedin.com\/search\/results\/all\/?keywords=%23coconstruction&amp;origin=HASH_TAG_FROM_FEED\">hashtag#CoConstruction<\/a> <a href=\"https:\/\/www.linkedin.com\/search\/results\/all\/?keywords=%23valeurspartag%C3%A9es&amp;origin=HASH_TAG_FROM_FEED\">hashtag#ValeursPartag\u00e9es<\/a> <a href=\"https:\/\/www.linkedin.com\/search\/results\/all\/?keywords=%23partenariat&amp;origin=HASH_TAG_FROM_FEED\">hashtag#Partenariat<\/a> <a href=\"https:\/\/www.linkedin.com\/search\/results\/all\/?keywords=%23comp%C3%A9tences&amp;origin=HASH_TAG_FROM_FEED\">hashtag#Comp\u00e9tences<\/a> <a href=\"https:\/\/www.linkedin.com\/search\/results\/all\/?keywords=%23innovationp%C3%A9dagogique&amp;origin=HASH_TAG_FROM_FEED\">hashtag#InnovationP\u00e9dagogique<\/a> <a href=\"https:\/\/www.linkedin.com\/search\/results\/all\/?keywords=%23elycoop&amp;origin=HASH_TAG_FROM_FEED\">hashtag#Elycoop<\/a> <a href=\"https:\/\/www.linkedin.com\/search\/results\/all\/?keywords=%23auvergnerh%C3%B4nealpes&amp;origin=HASH_TAG_FROM_FEED\">hashtag#AuvergneRh\u00f4neAlpes<\/a> <a href=\"https:\/\/www.linkedin.com\/search\/results\/all\/?keywords=%23d%C3%A9veloppementdestalents&amp;origin=HASH_TAG_FROM_FEED\">hashtag#D\u00e9veloppementDesTalents<\/a> <a href=\"https:\/\/www.linkedin.com\/search\/results\/all\/?keywords=%23mobilisation&amp;origin=HASH_TAG_FROM_FEED\">hashtag#Mobilisation<\/a> <a href=\"https:\/\/www.linkedin.com\/search\/results\/all\/?keywords=%23transitionprofessionnelle&amp;origin=HASH_TAG_FROM_FEED\">hashtag#TransitionProfessionnelle<\/a><\/p>\n","protected":false},"excerpt":{"rendered":"<p>Le 18 juillet, \u00e0 Lyon, lors de l&rsquo;Assembl\u00e9e G\u00e9n\u00e9rale de l&rsquo;UROF Auvergne Rh\u00f4ne-Alpes, notre directeur adjoint Cyril Montet a repr\u00e9sent\u00e9 Illiade Formation pour une journ\u00e9e riche en \u00e9changes, en co-construction et en perspectives autour des enjeux du secteur. \ud83d\udd0e Temps forts de la journ\u00e9e :\u2022 Ouverture par Jeanine Chapot, pr\u00e9sidente de l&rsquo;UROF AuRA.\u2022 Interventions de [&hellip;]<\/p>\n","protected":false},"author":8,"featured_media":6820,"comment_status":"open","ping_status":"open","sticky":false,"template":"","format":"standard","meta":{"footnotes":""},"categories":[2],"tags":[],"class_list":["post-6819","post","type-post","status-publish","format-standard","has-post-thumbnail","hentry","category-actualites"],"yoast_head":"<!-- This site is optimized with the Yoast SEO plugin v23.0 - https:\/\/yoast.com\/wordpress\/plugins\/seo\/ -->\n<title>\ud83d\ude80 S&#039;engager et co-construire : Illiade Formation \u00e0 l&#039;Assembl\u00e9e G\u00e9n\u00e9rale de l&#039;UROF AuRA - Illiade Formation<\/title>\n<meta name=\"robots\" content=\"index, follow, max-snippet:-1, max-image-preview:large, max-video-preview:-1\" \/>\n<link rel=\"canonical\" href=\"https:\/\/www.illiade-formation.fr\/fr\/\ud83d\ude80-sengager-et-co-construire-illiade-formation-a-lassemblee-generale-de-lurof-aura\/\" \/>\n<meta property=\"og:locale\" content=\"fr_FR\" \/>\n<meta property=\"og:type\" content=\"article\" \/>\n<meta property=\"og:title\" content=\"\ud83d\ude80 S&#039;engager et co-construire : Illiade Formation \u00e0 l&#039;Assembl\u00e9e G\u00e9n\u00e9rale de l&#039;UROF AuRA - Illiade Formation\" \/>\n<meta property=\"og:description\" content=\"Le 18 juillet, \u00e0 Lyon, lors de l&rsquo;Assembl\u00e9e G\u00e9n\u00e9rale de l&rsquo;UROF Auvergne Rh\u00f4ne-Alpes, notre directeur adjoint Cyril Montet a repr\u00e9sent\u00e9 Illiade Formation pour une journ\u00e9e riche en \u00e9changes, en co-construction et en perspectives autour des enjeux du secteur. \ud83d\udd0e Temps forts de la journ\u00e9e :\u2022 Ouverture par Jeanine Chapot, pr\u00e9sidente de l&rsquo;UROF AuRA.\u2022 Interventions de [&hellip;]\" \/>\n<meta property=\"og:url\" content=\"https:\/\/www.illiade-formation.fr\/fr\/\ud83d\ude80-sengager-et-co-construire-illiade-formation-a-lassemblee-generale-de-lurof-aura\/\" \/>\n<meta property=\"og:site_name\" content=\"Illiade Formation\" \/>\n<meta property=\"article:publisher\" content=\"https:\/\/www.facebook.com\/Illiadeformation42\" \/>\n<meta property=\"article:published_time\" content=\"2025-07-22T09:48:54+00:00\" \/>\n<meta property=\"og:image\" content=\"https:\/\/www.illiade-formation.fr\/fr\/wp-content\/uploads\/2025\/07\/WhatsApp-Image-2025-07-22-a-10.44.01_57a90112.jpg\" \/>\n\t<meta property=\"og:image:width\" content=\"1600\" \/>\n\t<meta property=\"og:image:height\" content=\"1200\" \/>\n\t<meta property=\"og:image:type\" content=\"image\/jpeg\" \/>\n<meta name=\"author\" content=\"Timoth\u00e9e LOUBIER LEBIHAN\" \/>\n<meta name=\"twitter:card\" content=\"summary_large_image\" \/>\n<meta name=\"twitter:creator\" content=\"@illiadef\" \/>\n<meta name=\"twitter:site\" content=\"@illiadef\" \/>\n<meta name=\"twitter:label1\" content=\"\u00c9crit par\" \/>\n\t<meta name=\"twitter:data1\" content=\"Timoth\u00e9e LOUBIER LEBIHAN\" \/>\n\t<meta name=\"twitter:label2\" content=\"Dur\u00e9e de lecture estim\u00e9e\" \/>\n\t<meta name=\"twitter:data2\" content=\"2 minutes\" \/>\n<script type=\"application\/ld+json\" class=\"yoast-schema-graph\">{\"@context\":\"https:\/\/schema.org\",\"@graph\":[{\"@type\":\"Article\",\"@id\":\"https:\/\/www.illiade-formation.fr\/fr\/%f0%9f%9a%80-sengager-et-co-construire-illiade-formation-a-lassemblee-generale-de-lurof-aura\/#article\",\"isPartOf\":{\"@id\":\"https:\/\/www.illiade-formation.fr\/fr\/%f0%9f%9a%80-sengager-et-co-construire-illiade-formation-a-lassemblee-generale-de-lurof-aura\/\"},\"author\":{\"name\":\"Timoth\u00e9e LOUBIER LEBIHAN\",\"@id\":\"https:\/\/www.illiade-formation.fr\/fr\/#\/schema\/person\/50349e199db0a9f637f312e9b3cc6ef1\"},\"headline\":\"\ud83d\ude80 S&rsquo;engager et co-construire : Illiade Formation \u00e0 l&rsquo;Assembl\u00e9e G\u00e9n\u00e9rale de l&rsquo;UROF AuRA\",\"datePublished\":\"2025-07-22T09:48:54+00:00\",\"dateModified\":\"2025-07-22T09:48:54+00:00\",\"mainEntityOfPage\":{\"@id\":\"https:\/\/www.illiade-formation.fr\/fr\/%f0%9f%9a%80-sengager-et-co-construire-illiade-formation-a-lassemblee-generale-de-lurof-aura\/\"},\"wordCount\":313,\"commentCount\":0,\"publisher\":{\"@id\":\"https:\/\/www.illiade-formation.fr\/fr\/#organization\"},\"image\":{\"@id\":\"https:\/\/www.illiade-formation.fr\/fr\/%f0%9f%9a%80-sengager-et-co-construire-illiade-formation-a-lassemblee-generale-de-lurof-aura\/#primaryimage\"},\"thumbnailUrl\":\"https:\/\/www.illiade-formation.fr\/fr\/wp-content\/uploads\/2025\/07\/WhatsApp-Image-2025-07-22-a-10.44.01_57a90112.jpg\",\"articleSection\":[\"Actualit\u00e9s\"],\"inLanguage\":\"fr-FR\",\"potentialAction\":[{\"@type\":\"CommentAction\",\"name\":\"Comment\",\"target\":[\"https:\/\/www.illiade-formation.fr\/fr\/%f0%9f%9a%80-sengager-et-co-construire-illiade-formation-a-lassemblee-generale-de-lurof-aura\/#respond\"]}]},{\"@type\":\"WebPage\",\"@id\":\"https:\/\/www.illiade-formation.fr\/fr\/%f0%9f%9a%80-sengager-et-co-construire-illiade-formation-a-lassemblee-generale-de-lurof-aura\/\",\"url\":\"https:\/\/www.illiade-formation.fr\/fr\/%f0%9f%9a%80-sengager-et-co-construire-illiade-formation-a-lassemblee-generale-de-lurof-aura\/\",\"name\":\"\ud83d\ude80 S'engager et co-construire : Illiade Formation \u00e0 l'Assembl\u00e9e G\u00e9n\u00e9rale de l'UROF AuRA - Illiade Formation\",\"isPartOf\":{\"@id\":\"https:\/\/www.illiade-formation.fr\/fr\/#website\"},\"primaryImageOfPage\":{\"@id\":\"https:\/\/www.illiade-formation.fr\/fr\/%f0%9f%9a%80-sengager-et-co-construire-illiade-formation-a-lassemblee-generale-de-lurof-aura\/#primaryimage\"},\"image\":{\"@id\":\"https:\/\/www.illiade-formation.fr\/fr\/%f0%9f%9a%80-sengager-et-co-construire-illiade-formation-a-lassemblee-generale-de-lurof-aura\/#primaryimage\"},\"thumbnailUrl\":\"https:\/\/www.illiade-formation.fr\/fr\/wp-content\/uploads\/2025\/07\/WhatsApp-Image-2025-07-22-a-10.44.01_57a90112.jpg\",\"datePublished\":\"2025-07-22T09:48:54+00:00\",\"dateModified\":\"2025-07-22T09:48:54+00:00\",\"breadcrumb\":{\"@id\":\"https:\/\/www.illiade-formation.fr\/fr\/%f0%9f%9a%80-sengager-et-co-construire-illiade-formation-a-lassemblee-generale-de-lurof-aura\/#breadcrumb\"},\"inLanguage\":\"fr-FR\",\"potentialAction\":[{\"@type\":\"ReadAction\",\"target\":[\"https:\/\/www.illiade-formation.fr\/fr\/%f0%9f%9a%80-sengager-et-co-construire-illiade-formation-a-lassemblee-generale-de-lurof-aura\/\"]}]},{\"@type\":\"ImageObject\",\"inLanguage\":\"fr-FR\",\"@id\":\"https:\/\/www.illiade-formation.fr\/fr\/%f0%9f%9a%80-sengager-et-co-construire-illiade-formation-a-lassemblee-generale-de-lurof-aura\/#primaryimage\",\"url\":\"https:\/\/www.illiade-formation.fr\/fr\/wp-content\/uploads\/2025\/07\/WhatsApp-Image-2025-07-22-a-10.44.01_57a90112.jpg\",\"contentUrl\":\"https:\/\/www.illiade-formation.fr\/fr\/wp-content\/uploads\/2025\/07\/WhatsApp-Image-2025-07-22-a-10.44.01_57a90112.jpg\",\"width\":1600,\"height\":1200},{\"@type\":\"BreadcrumbList\",\"@id\":\"https:\/\/www.illiade-formation.fr\/fr\/%f0%9f%9a%80-sengager-et-co-construire-illiade-formation-a-lassemblee-generale-de-lurof-aura\/#breadcrumb\",\"itemListElement\":[{\"@type\":\"ListItem\",\"position\":1,\"name\":\"Accueil\",\"item\":\"https:\/\/www.illiade-formation.fr\/fr\/\"},{\"@type\":\"ListItem\",\"position\":2,\"name\":\"\ud83d\ude80 S&rsquo;engager et co-construire : Illiade Formation \u00e0 l&rsquo;Assembl\u00e9e G\u00e9n\u00e9rale de l&rsquo;UROF AuRA\"}]},{\"@type\":\"WebSite\",\"@id\":\"https:\/\/www.illiade-formation.fr\/fr\/#website\",\"url\":\"https:\/\/www.illiade-formation.fr\/fr\/\",\"name\":\"Illiade Formation\",\"description\":\"Ensemble, allons plus loin\",\"publisher\":{\"@id\":\"https:\/\/www.illiade-formation.fr\/fr\/#organization\"},\"potentialAction\":[{\"@type\":\"SearchAction\",\"target\":{\"@type\":\"EntryPoint\",\"urlTemplate\":\"https:\/\/www.illiade-formation.fr\/fr\/?s={search_term_string}\"},\"query-input\":\"required name=search_term_string\"}],\"inLanguage\":\"fr-FR\"},{\"@type\":\"Organization\",\"@id\":\"https:\/\/www.illiade-formation.fr\/fr\/#organization\",\"name\":\"Illiade Formation\",\"url\":\"https:\/\/www.illiade-formation.fr\/fr\/\",\"logo\":{\"@type\":\"ImageObject\",\"inLanguage\":\"fr-FR\",\"@id\":\"https:\/\/www.illiade-formation.fr\/fr\/#\/schema\/logo\/image\/\",\"url\":\"https:\/\/www.illiade-formation.fr\/fr\/wp-content\/uploads\/2022\/06\/Logo-250px.png\",\"contentUrl\":\"https:\/\/www.illiade-formation.fr\/fr\/wp-content\/uploads\/2022\/06\/Logo-250px.png\",\"width\":250,\"height\":250,\"caption\":\"Illiade Formation\"},\"image\":{\"@id\":\"https:\/\/www.illiade-formation.fr\/fr\/#\/schema\/logo\/image\/\"},\"sameAs\":[\"https:\/\/www.facebook.com\/Illiadeformation42\",\"https:\/\/x.com\/illiadef\",\"https:\/\/www.instagram.com\/illiade_formation\/\"]},{\"@type\":\"Person\",\"@id\":\"https:\/\/www.illiade-formation.fr\/fr\/#\/schema\/person\/50349e199db0a9f637f312e9b3cc6ef1\",\"name\":\"Timoth\u00e9e LOUBIER LEBIHAN\",\"image\":{\"@type\":\"ImageObject\",\"inLanguage\":\"fr-FR\",\"@id\":\"https:\/\/www.illiade-formation.fr\/fr\/#\/schema\/person\/image\/\",\"url\":\"https:\/\/secure.gravatar.com\/avatar\/621299096325cc8ef148d5081b5f3ce943c95b852f41837570af1341a024f047?s=96&d=mm&r=g\",\"contentUrl\":\"https:\/\/secure.gravatar.com\/avatar\/621299096325cc8ef148d5081b5f3ce943c95b852f41837570af1341a024f047?s=96&d=mm&r=g\",\"caption\":\"Timoth\u00e9e LOUBIER LEBIHAN\"},\"url\":\"https:\/\/www.illiade-formation.fr\/fr\/author\/tloubier\/\"}]}<\/script>\n<!-- \/ Yoast SEO plugin. -->","yoast_head_json":{"title":"\ud83d\ude80 S'engager et co-construire : Illiade Formation \u00e0 l'Assembl\u00e9e G\u00e9n\u00e9rale de l'UROF AuRA - Illiade Formation","robots":{"index":"index","follow":"follow","max-snippet":"max-snippet:-1","max-image-preview":"max-image-preview:large","max-video-preview":"max-video-preview:-1"},"canonical":"https:\/\/www.illiade-formation.fr\/fr\/\ud83d\ude80-sengager-et-co-construire-illiade-formation-a-lassemblee-generale-de-lurof-aura\/","og_locale":"fr_FR","og_type":"article","og_title":"\ud83d\ude80 S'engager et co-construire : Illiade Formation \u00e0 l'Assembl\u00e9e G\u00e9n\u00e9rale de l'UROF AuRA - Illiade Formation","og_description":"Le 18 juillet, \u00e0 Lyon, lors de l&rsquo;Assembl\u00e9e G\u00e9n\u00e9rale de l&rsquo;UROF Auvergne Rh\u00f4ne-Alpes, notre directeur adjoint Cyril Montet a repr\u00e9sent\u00e9 Illiade Formation pour une journ\u00e9e riche en \u00e9changes, en co-construction et en perspectives autour des enjeux du secteur. \ud83d\udd0e Temps forts de la journ\u00e9e :\u2022 Ouverture par Jeanine Chapot, pr\u00e9sidente de l&rsquo;UROF AuRA.\u2022 Interventions de [&hellip;]","og_url":"https:\/\/www.illiade-formation.fr\/fr\/\ud83d\ude80-sengager-et-co-construire-illiade-formation-a-lassemblee-generale-de-lurof-aura\/","og_site_name":"Illiade Formation","article_publisher":"https:\/\/www.facebook.com\/Illiadeformation42","article_published_time":"2025-07-22T09:48:54+00:00","og_image":[{"width":1600,"height":1200,"url":"https:\/\/www.illiade-formation.fr\/fr\/wp-content\/uploads\/2025\/07\/WhatsApp-Image-2025-07-22-a-10.44.01_57a90112.jpg","type":"image\/jpeg"}],"author":"Timoth\u00e9e LOUBIER LEBIHAN","twitter_card":"summary_large_image","twitter_creator":"@illiadef","twitter_site":"@illiadef","twitter_misc":{"\u00c9crit par":"Timoth\u00e9e LOUBIER LEBIHAN","Dur\u00e9e de lecture estim\u00e9e":"2 minutes"},"schema":{"@context":"https:\/\/schema.org","@graph":[{"@type":"Article","@id":"https:\/\/www.illiade-formation.fr\/fr\/%f0%9f%9a%80-sengager-et-co-construire-illiade-formation-a-lassemblee-generale-de-lurof-aura\/#article","isPartOf":{"@id":"https:\/\/www.illiade-formation.fr\/fr\/%f0%9f%9a%80-sengager-et-co-construire-illiade-formation-a-lassemblee-generale-de-lurof-aura\/"},"author":{"name":"Timoth\u00e9e LOUBIER LEBIHAN","@id":"https:\/\/www.illiade-formation.fr\/fr\/#\/schema\/person\/50349e199db0a9f637f312e9b3cc6ef1"},"headline":"\ud83d\ude80 S&rsquo;engager et co-construire : Illiade Formation \u00e0 l&rsquo;Assembl\u00e9e G\u00e9n\u00e9rale de l&rsquo;UROF AuRA","datePublished":"2025-07-22T09:48:54+00:00","dateModified":"2025-07-22T09:48:54+00:00","mainEntityOfPage":{"@id":"https:\/\/www.illiade-formation.fr\/fr\/%f0%9f%9a%80-sengager-et-co-construire-illiade-formation-a-lassemblee-generale-de-lurof-aura\/"},"wordCount":313,"commentCount":0,"publisher":{"@id":"https:\/\/www.illiade-formation.fr\/fr\/#organization"},"image":{"@id":"https:\/\/www.illiade-formation.fr\/fr\/%f0%9f%9a%80-sengager-et-co-construire-illiade-formation-a-lassemblee-generale-de-lurof-aura\/#primaryimage"},"thumbnailUrl":"https:\/\/www.illiade-formation.fr\/fr\/wp-content\/uploads\/2025\/07\/WhatsApp-Image-2025-07-22-a-10.44.01_57a90112.jpg","articleSection":["Actualit\u00e9s"],"inLanguage":"fr-FR","potentialAction":[{"@type":"CommentAction","name":"Comment","target":["https:\/\/www.illiade-formation.fr\/fr\/%f0%9f%9a%80-sengager-et-co-construire-illiade-formation-a-lassemblee-generale-de-lurof-aura\/#respond"]}]},{"@type":"WebPage","@id":"https:\/\/www.illiade-formation.fr\/fr\/%f0%9f%9a%80-sengager-et-co-construire-illiade-formation-a-lassemblee-generale-de-lurof-aura\/","url":"https:\/\/www.illiade-formation.fr\/fr\/%f0%9f%9a%80-sengager-et-co-construire-illiade-formation-a-lassemblee-generale-de-lurof-aura\/","name":"\ud83d\ude80 S'engager et co-construire : Illiade Formation \u00e0 l'Assembl\u00e9e G\u00e9n\u00e9rale de l'UROF AuRA - Illiade Formation","isPartOf":{"@id":"https:\/\/www.illiade-formation.fr\/fr\/#website"},"primaryImageOfPage":{"@id":"https:\/\/www.illiade-formation.fr\/fr\/%f0%9f%9a%80-sengager-et-co-construire-illiade-formation-a-lassemblee-generale-de-lurof-aura\/#primaryimage"},"image":{"@id":"https:\/\/www.illiade-formation.fr\/fr\/%f0%9f%9a%80-sengager-et-co-construire-illiade-formation-a-lassemblee-generale-de-lurof-aura\/#primaryimage"},"thumbnailUrl":"https:\/\/www.illiade-formation.fr\/fr\/wp-content\/uploads\/2025\/07\/WhatsApp-Image-2025-07-22-a-10.44.01_57a90112.jpg","datePublished":"2025-07-22T09:48:54+00:00","dateModified":"2025-07-22T09:48:54+00:00","breadcrumb":{"@id":"https:\/\/www.illiade-formation.fr\/fr\/%f0%9f%9a%80-sengager-et-co-construire-illiade-formation-a-lassemblee-generale-de-lurof-aura\/#breadcrumb"},"inLanguage":"fr-FR","potentialAction":[{"@type":"ReadAction","target":["https:\/\/www.illiade-formation.fr\/fr\/%f0%9f%9a%80-sengager-et-co-construire-illiade-formation-a-lassemblee-generale-de-lurof-aura\/"]}]},{"@type":"ImageObject","inLanguage":"fr-FR","@id":"https:\/\/www.illiade-formation.fr\/fr\/%f0%9f%9a%80-sengager-et-co-construire-illiade-formation-a-lassemblee-generale-de-lurof-aura\/#primaryimage","url":"https:\/\/www.illiade-formation.fr\/fr\/wp-content\/uploads\/2025\/07\/WhatsApp-Image-2025-07-22-a-10.44.01_57a90112.jpg","contentUrl":"https:\/\/www.illiade-formation.fr\/fr\/wp-content\/uploads\/2025\/07\/WhatsApp-Image-2025-07-22-a-10.44.01_57a90112.jpg","width":1600,"height":1200},{"@type":"BreadcrumbList","@id":"https:\/\/www.illiade-formation.fr\/fr\/%f0%9f%9a%80-sengager-et-co-construire-illiade-formation-a-lassemblee-generale-de-lurof-aura\/#breadcrumb","itemListElement":[{"@type":"ListItem","position":1,"name":"Accueil","item":"https:\/\/www.illiade-formation.fr\/fr\/"},{"@type":"ListItem","position":2,"name":"\ud83d\ude80 S&rsquo;engager et co-construire : Illiade Formation \u00e0 l&rsquo;Assembl\u00e9e G\u00e9n\u00e9rale de l&rsquo;UROF AuRA"}]},{"@type":"WebSite","@id":"https:\/\/www.illiade-formation.fr\/fr\/#website","url":"https:\/\/www.illiade-formation.fr\/fr\/","name":"Illiade Formation","description":"Ensemble, allons plus loin","publisher":{"@id":"https:\/\/www.illiade-formation.fr\/fr\/#organization"},"potentialAction":[{"@type":"SearchAction","target":{"@type":"EntryPoint","urlTemplate":"https:\/\/www.illiade-formation.fr\/fr\/?s={search_term_string}"},"query-input":"required name=search_term_string"}],"inLanguage":"fr-FR"},{"@type":"Organization","@id":"https:\/\/www.illiade-formation.fr\/fr\/#organization","name":"Illiade Formation","url":"https:\/\/www.illiade-formation.fr\/fr\/","logo":{"@type":"ImageObject","inLanguage":"fr-FR","@id":"https:\/\/www.illiade-formation.fr\/fr\/#\/schema\/logo\/image\/","url":"https:\/\/www.illiade-formation.fr\/fr\/wp-content\/uploads\/2022\/06\/Logo-250px.png","contentUrl":"https:\/\/www.illiade-formation.fr\/fr\/wp-content\/uploads\/2022\/06\/Logo-250px.png","width":250,"height":250,"caption":"Illiade Formation"},"image":{"@id":"https:\/\/www.illiade-formation.fr\/fr\/#\/schema\/logo\/image\/"},"sameAs":["https:\/\/www.facebook.com\/Illiadeformation42","https:\/\/x.com\/illiadef","https:\/\/www.instagram.com\/illiade_formation\/"]},{"@type":"Person","@id":"https:\/\/www.illiade-formation.fr\/fr\/#\/schema\/person\/50349e199db0a9f637f312e9b3cc6ef1","name":"Timoth\u00e9e LOUBIER LEBIHAN","image":{"@type":"ImageObject","inLanguage":"fr-FR","@id":"https:\/\/www.illiade-formation.fr\/fr\/#\/schema\/person\/image\/","url":"https:\/\/secure.gravatar.com\/avatar\/621299096325cc8ef148d5081b5f3ce943c95b852f41837570af1341a024f047?s=96&d=mm&r=g","contentUrl":"https:\/\/secure.gravatar.com\/avatar\/621299096325cc8ef148d5081b5f3ce943c95b852f41837570af1341a024f047?s=96&d=mm&r=g","caption":"Timoth\u00e9e LOUBIER LEBIHAN"},"url":"https:\/\/www.illiade-formation.fr\/fr\/author\/tloubier\/"}]}},"_links":{"self":[{"href":"https:\/\/www.illiade-formation.fr\/fr\/wp-json\/wp\/v2\/posts\/6819","targetHints":{"allow":["GET"]}}],"collection":[{"href":"https:\/\/www.illiade-formation.fr\/fr\/wp-json\/wp\/v2\/posts"}],"about":[{"href":"https:\/\/www.illiade-formation.fr\/fr\/wp-json\/wp\/v2\/types\/post"}],"author":[{"embeddable":true,"href":"https:\/\/www.illiade-formation.fr\/fr\/wp-json\/wp\/v2\/users\/8"}],"replies":[{"embeddable":true,"href":"https:\/\/www.illiade-formation.fr\/fr\/wp-json\/wp\/v2\/comments?post=6819"}],"version-history":[{"count":1,"href":"https:\/\/www.illiade-formation.fr\/fr\/wp-json\/wp\/v2\/posts\/6819\/revisions"}],"predecessor-version":[{"id":6821,"href":"https:\/\/www.illiade-formation.fr\/fr\/wp-json\/wp\/v2\/posts\/6819\/revisions\/6821"}],"wp:featuredmedia":[{"embeddable":true,"href":"https:\/\/www.illiade-formation.fr\/fr\/wp-json\/wp\/v2\/media\/6820"}],"wp:attachment":[{"href":"https:\/\/www.illiade-formation.fr\/fr\/wp-json\/wp\/v2\/media?parent=6819"}],"wp:term":[{"taxonomy":"category","embeddable":true,"href":"https:\/\/www.illiade-formation.fr\/fr\/wp-json\/wp\/v2\/categories?post=6819"},{"taxonomy":"post_tag","embeddable":true,"href":"https:\/\/www.illiade-formation.fr\/fr\/wp-json\/wp\/v2\/tags?post=6819"}],"curies":[{"name":"wp","href":"https:\/\/api.w.org\/{rel}","templated":true}]}}